{"id":2957,"date":"2025-03-10T09:07:53","date_gmt":"2025-03-10T09:07:53","guid":{"rendered":"https:\/\/feb.si\/me\/?p=2957"},"modified":"2025-03-11T09:15:01","modified_gmt":"2025-03-11T09:15:01","slug":"rubio-je-zatrdil-da-tako-zda-odlocene-sprijeciti-razpad-bih-a","status":"publish","type":"post","link":"https:\/\/feb.si\/me\/blog\/2025\/03\/10\/rubio-je-zatrdil-da-tako-zda-odlocene-sprijeciti-razpad-bih-a\/","title":{"rendered":"Rubio tvrdi da su SAD odlu\u010dne sprije\u010diti raspad Bosne i Hercegovine"},"content":{"rendered":"\n<p>Washington je odlu\u010dan da sprije\u010di raspad Bosne i Hercegovine, rekao je ameri\u010dki dr\u017eavni sekretar Marco Rubio, isti\u010du\u0107i da \u0107e SAD razmotriti dodatni pritisak na srpske lidere u Bosni i Hercegovini.<\/p>\n\n\n\n<p>&#8222;U\u010dini\u0107emo sve \u0161to mo\u017eemo da sprije\u010dimo nastanak novog sukoba u Evropi&#8220;, rekao je Rubio po dolasku u Jeddah, gdje \u0107e u\u010destvovati u razgovorima ameri\u010dke i ukrajinske delegacije o okon\u010danju rata u Ukrajini.<\/p>\n\n\n\n<p>\u201cSvekako prou\u010davamo sve\u00a0na\u0161e\u00a0mogu\u0107nosti,\u201d\u00a0odgovoreno je na pitanje novinara o potencijalnim mjerama SAD-a protiv voditelja Srba u BiH-u.&#8220;&#8220;Bez obzira na to kakve su unutra\u0161nje razlike, to ne smije dovesti do raspada zemlje&#8220;, naglasio je on.<\/p>\n","protected":false},"excerpt":{"rendered":"<p>Washington je odlu\u010dan da sprije\u010di raspad Bosne i Hercegovine, rekao je ameri\u010dki dr\u017eavni sekretar Marco Rubio, isti\u010du\u0107i da \u0107e SAD razmotriti dodatni pritisak na srpske lidere u Bosni i Hercegovini. &#8222;U\u010dini\u0107emo sve \u0161to mo\u017eemo da sprije\u010dimo nastanak novog sukoba u Evropi&#8220;, rekao je Rubio po dolasku u Jeddah, gdje \u0107e u\u010destvovati u razgovorima ameri\u010dke i&#8230;<\/p>\n","protected":false},"author":2,"featured_media":0,"comment_status":"closed","ping_status":"open","sticky":false,"template":"","format":"standard","meta":{"footnotes":""},"categories":[3],"tags":[],"class_list":["post-2957","post","type-post","status-publish","format-standard","hentry","category-aktuelno"],"_links":{"self":[{"href":"https:\/\/feb.si\/me\/wp-json\/wp\/v2\/posts\/2957"}],"collection":[{"href":"https:\/\/feb.si\/me\/wp-json\/wp\/v2\/posts"}],"about":[{"href":"https:\/\/feb.si\/me\/wp-json\/wp\/v2\/types\/post"}],"author":[{"embeddable":true,"href":"https:\/\/feb.si\/me\/wp-json\/wp\/v2\/users\/2"}],"replies":[{"embeddable":true,"href":"https:\/\/feb.si\/me\/wp-json\/wp\/v2\/comments?post=2957"}],"version-history":[{"count":5,"href":"https:\/\/feb.si\/me\/wp-json\/wp\/v2\/posts\/2957\/revisions"}],"predecessor-version":[{"id":2964,"href":"https:\/\/feb.si\/me\/wp-json\/wp\/v2\/posts\/2957\/revisions\/2964"}],"wp:attachment":[{"href":"https:\/\/feb.si\/me\/wp-json\/wp\/v2\/media?parent=2957"}],"wp:term":[{"taxonomy":"category","embeddable":true,"href":"https:\/\/feb.si\/me\/wp-json\/wp\/v2\/categories?post=2957"},{"taxonomy":"post_tag","embeddable":true,"href":"https:\/\/feb.si\/me\/wp-json\/wp\/v2\/tags?post=2957"}],"curies":[{"name":"wp","href":"https:\/\/api.w.org\/{rel}","templated":true}]}}