{"id":2966,"date":"2025-03-14T08:53:50","date_gmt":"2025-03-14T08:53:50","guid":{"rendered":"https:\/\/feb.si\/me\/?p=2966"},"modified":"2025-03-14T08:53:51","modified_gmt":"2025-03-14T08:53:51","slug":"srbija-i-martovske-ide","status":"publish","type":"post","link":"https:\/\/feb.si\/me\/blog\/2025\/03\/14\/srbija-i-martovske-ide\/","title":{"rendered":"Srbija i martovske Ide"},"content":{"rendered":"\n<ul class=\"wp-block-list\">\n<li>Subota 15. mart &#8211; skup visokog rizika u Beogradu<\/li>\n<\/ul>\n\n\n\n<p>Nakon odr\u017eanih velikih protestnih skupova u Novom Sadu, Kragujevcu i Ni\u0161u koji su okupli vi\u0161e stotina hiljada ljudi i stotina manjih skupova koji su obuhvatili prakti\u010dno celu Srbiju (protesti su zahvatili vi\u0161e od 400 mesta), \u201estudenti u blokadi\u201c su za 15.mart 2025. zakazali veliko okupljanje u Beogradu na kome se o\u010dekuje ogroman broj u\u010desnika. Kolone studenata iz unutra\u0161njosti su ve\u0107 otpo\u010dele pohod na Beograd, prolaze\u0107i pe\u0161ice kroz gradove i sela gde ih stanovni\u0161tvo pozdravlja kao neku vrstu oslobodilaca.<br>Na predustani\u010dku atmosferu koja je zahvatila Srbiju Vu\u010di\u0107ev re\u017eim je odgovorio mobilizacijom sopstvenih pristalica i najavama koje li\u010de na pripreme za fizi\u010dke sukobe. Na porast napetosti najvi\u0161e je uticao sam predsednik Srbije koji je najavio \u201evelike nerede\u201c i masovna hap\u0161enja. Obe\u0107ao je da \u0107e 15. mart predstavljati \u201ekraj obojene revolucije\u201c. Ispred zgrade predsedni\u0161tva postavljena je neka vrsta \u017eivog zida, odnosno \u201ekampa\u201c sa malim \u0161atorima gde boravi nekoliko stotina pro-re\u017eimskih \u201estudenata koji \u017eele da u\u010de\u201c &#8211; uglavnom SNS \u010dlanova od kojih dobar deo i nisu studenti. Neproverene vesti govore o pripremama interventnih policijskih jedinica kao i o organizaciji razli\u010ditih mera sa ciljem zaustavljanja velikog priliva u\u010desnika protesta iz unutra\u0161njosti (mogu\u0107a blokada ulaza u Beograd i sl).<br>Studentska organizacija je sa svoje strane najavila \u0161irenja protesta i nakon 15. marta u vidu trodnevnog generalnog \u0161trajka koji bi obuhvatio blokade nekih od va\u017enih dr\u017eavnih institucija i kompanija (poput elektroprivrede &#8211; EPS idr) kao i zahteve za smene javnog tu\u017eioca i direktora javnog medijskog servisa RTS &#8211; dakle pro\u0161irenje ranija \u010detiti studentska zahteva (koji su bili ograni\u010deni na pitanja usko povezana sa nesre\u0107om na Novosadskoj \u017eelezni\u010dkoj stanici 1.11.2024) \u2013 na koje vlasti do sada nisu dale zadovoljavaju\u0107i odgovor.<br>Nesposobnost vlasti da na\u0111u kompromis za re\u0161avanje sve dublje politi\u010dke krize nakon \u010detiri meseca masovnih protesta, dovela je do sada\u0161nje situacije u kojoj postoji velika \u0161ansa dalje eskalacije. Vu\u010di\u0107 je u protekla 4 meseca poku\u0161ao razli\u010dite taktike sa ciljem smirivanja stanja, od represije, kontramitinga, pretnji, obe\u0107anja i koncesija, do igre na vreme, ali nije uspeo da porazi upornost studentskih protesta koji su se pro\u0161irili i na veliki deo stanovni\u0161tva. S druge strane Vu\u010di\u0107 je odbacio svaki kompromis kada je u pitanju formiranje \u201eprelazne ili privremene vlade\u201c u cilju organizacije slobodnih izbora, kako su to predlagale stranke iz opozicije i neki nezavisni eksperti. Vu\u010di\u0107 je za kraj marta najavio novi kontramiting u re\u017eiji svog novonajavljenog \u201ePokreta za narod i dr\u017eavu\u201c, koji bi prema njegovorim re\u010dima trebalo \u201eda bude najve\u0107i u istoriji Srbije\u201c (\u0161to je propagandni slogan i sasvim nerealno).<br>Okupljanje predvi\u0111eno za 15. mart se u re\u017eimskoj interpretaciji poredi sa poku\u0161ajem ponavljanja istorijskog 5. oktobra 2000. kada je sru\u0161en Milo\u0161evi\u0107ev re\u017eim i kada je Vu\u010di\u0107 izgubio tada\u0161nji polo\u017eaj ministra informisanja. Ipak, okolnosti su sasvim druga\u010dije imaju\u0107i u vidu organizaciju, povod i kontekst sada\u0161nih protesta, koji bi, uzimaju\u0107i u obzir na\u010din na koji su vo\u0111eni pre trebalo da vremenom mo\u017eda vode ka postepenom uru\u0161avanju re\u017eoma (npr. pojedina\u010dne ostavke i \u201epreuzimanje\u201c rukovodstva nekih od dr\u017eavnih institucija od strane predstavnika stru\u010dne javnosti i tsl) nego nekom revolucionarnom obrtu tokom jednog dana.<br>Iako su protestni skupovi do sada protekli u miru, mo\u017ee se prognozirati da \u0107e se u Beogradu odr\u017eati skup visokog bezbednosnog rizika koji bi mogao da dovede i do nasilnih situacija. Postoji mogu\u0107nost da re\u017eim iskoristi provokacije i nasilje (koje bi verovatno organizovali naru\u010deni provokatori) kako bi kompromitovao proteste kao \u201eobojenu revoluciju\u201c i na taj na\u010din suzbio dalje studentske akcije ili \u010dak proglasio i vanredno stanje (u slu\u010daju masovnijeg nasilja). Osim toga ne treba isklju\u010diti ni spremnost nekih autonomnih u\u010desnika protesta (izvan krugova studenata) da preduzmu izolovane nelegalne akcije koje bi dovele do mera represije, kako je to ve\u0107 najavio Vu\u010di\u0107.<br>U samoj prirodi SNS re\u017eima, poteklog iz krajnje desne, nacionalisti\u010dke Srpske radikalne stranke, je kori\u0161\u0107enje nasilja kao oblika politi\u010dke borbe. To je posebno vidljivo u slu\u010daju egzistencijalne borbe za opstanak na vlasti, kako je to sada slu\u010daj sa A. Vu\u010di\u0107em. U subotu 15. marta on \u0107e se suo\u010diti sa do sada najve\u0107im isku\u0161enjem u svojoj karijeri autoritarnog vo\u0111e koji je godinama \u0161irio granice svoje vlasti i uticaja do ta\u010dke da je postao direktno ili indirektno odgovoran za svaki doga\u0111aj u srpskoj dr\u017eavi &#8211; od pada nadstre\u0161nice 1. novembra do na\u010dina na koji \u0107e se odvijati doga\u0111aji na \u201emartovske ide\u201c u narednu subotu.<\/p>\n\n\n\n<p><strong>Zaklju\u010dak i procene<\/strong>:<\/p>\n\n\n\n<ul class=\"wp-block-list\">\n<li>O\u010dekuje se da \u0107e protesti u subotu 15.marta 2025. znatno prevazi\u0107i dosada najve\u0107i protest odr\u017ean u toku proteklih meseci i godina, odr\u017ean na trgu Slavija 22.12.2024 (kada je bilo oko 110.00 u\u010desnika);<\/li>\n\n\n\n<li>Postoji velika verovatno\u0107a da tokom protesta do\u0111e do izvesnih pojava nasilja. Te\u0161ko je za sada proceniti, imaju\u0107i u vidu obim i okolnosti protesta (nasilje bi odgovaralo vlastima, ali i nekim u\u010desnicima u protestima) koliko bi nasilje bilo ograni\u010deno odnosno koliko bi se nemiri mogli eventualno pro\u0161iriti;<\/li>\n\n\n\n<li>Postoji izvesna, iako limitirana mogu\u0107nost da vlasti proglase vanredno stanje usled pojave nasilja. Imaju\u0107i u vidu negativne efekte ovakve mere, posebno u inostranstvu, za sada je ona malo verovatna;<\/li>\n\n\n\n<li>Ne treba o\u010dekivati da \u0107e skup zakazan za subotu 15. marta predstavljati finalnu fazu protesta. Oni \u0107e biti nastavljeni i najverovatnije poja\u010dani, \u010dak i u okolnostima da do\u0111e do eventualnosti (malo verovatne) progla\u0161enja vanrednog stanja,<\/li>\n\n\n\n<li>kriza u Srbiji \u0107e se nastaviti i nakon 15. marta sa i dalje neizvesnim ishodom.<\/li>\n<\/ul>\n","protected":false},"excerpt":{"rendered":"<p>Nakon odr\u017eanih velikih protestnih skupova u Novom Sadu, Kragujevcu i Ni\u0161u koji su okupli vi\u0161e stotina hiljada ljudi i stotina manjih skupova koji su obuhvatili prakti\u010dno celu Srbiju (protesti su zahvatili vi\u0161e od 400 mesta), \u201estudenti u blokadi\u201c su za 15.mart 2025. zakazali veliko okupljanje u Beogradu na kome se o\u010dekuje ogroman broj u\u010desnika. Kolone&#8230;<\/p>\n","protected":false},"author":2,"featured_media":2970,"comment_status":"closed","ping_status":"open","sticky":false,"template":"","format":"standard","meta":{"footnotes":""},"categories":[2],"tags":[],"class_list":["post-2966","post","type-post","status-publish","format-standard","has-post-thumbnail","hentry","category-analize"],"_links":{"self":[{"href":"https:\/\/feb.si\/me\/wp-json\/wp\/v2\/posts\/2966"}],"collection":[{"href":"https:\/\/feb.si\/me\/wp-json\/wp\/v2\/posts"}],"about":[{"href":"https:\/\/feb.si\/me\/wp-json\/wp\/v2\/types\/post"}],"author":[{"embeddable":true,"href":"https:\/\/feb.si\/me\/wp-json\/wp\/v2\/users\/2"}],"replies":[{"embeddable":true,"href":"https:\/\/feb.si\/me\/wp-json\/wp\/v2\/comments?post=2966"}],"version-history":[{"count":2,"href":"https:\/\/feb.si\/me\/wp-json\/wp\/v2\/posts\/2966\/revisions"}],"predecessor-version":[{"id":2969,"href":"https:\/\/feb.si\/me\/wp-json\/wp\/v2\/posts\/2966\/revisions\/2969"}],"wp:featuredmedia":[{"embeddable":true,"href":"https:\/\/feb.si\/me\/wp-json\/wp\/v2\/media\/2970"}],"wp:attachment":[{"href":"https:\/\/feb.si\/me\/wp-json\/wp\/v2\/media?parent=2966"}],"wp:term":[{"taxonomy":"category","embeddable":true,"href":"https:\/\/feb.si\/me\/wp-json\/wp\/v2\/categories?post=2966"},{"taxonomy":"post_tag","embeddable":true,"href":"https:\/\/feb.si\/me\/wp-json\/wp\/v2\/tags?post=2966"}],"curies":[{"name":"wp","href":"https:\/\/api.w.org\/{rel}","templated":true}]}}