{"id":2973,"date":"2025-03-20T09:09:58","date_gmt":"2025-03-20T09:09:58","guid":{"rendered":"https:\/\/feb.si\/me\/?p=2973"},"modified":"2025-03-24T09:18:41","modified_gmt":"2025-03-24T09:18:41","slug":"crnogorska-politicarka-jevropsima-pejovic-posjetila-forum-za-evropski-balkan","status":"publish","type":"post","link":"https:\/\/feb.si\/me\/blog\/2025\/03\/20\/crnogorska-politicarka-jevropsima-pejovic-posjetila-forum-za-evropski-balkan\/","title":{"rendered":"Crnogorska politi\u010darka Jevropsima Pejovi\u0107 posjetila Forum za evropski Balkan"},"content":{"rendered":"\n\n\n<p><em>Prdstavnici Foruma za evropski Balkan<\/em> Sanja Rubini\u0107 i Peter Antuni\u0107evi\u0107 sreli su se sa politi\u010darkom iz Crne Gore <em>Jevrosimom Pejovi\u0107 <\/em>te razgovarali na temu evropskih integracija, s posebnim naglaskom na budu\u0107e izazove i prilike koje o\u010dekuju Crnu Goru na njenom putu ka EU.<\/p>\n\n\n\n<p>Tokom razgovora koji je bio prilika za razmjenu mi\u0161ljenja i postavljanja temelja za budu\u0107e inicijative, je <em>Jevropsima Pejovi\u0107<\/em> istaknula va\u017enost ubrzanja procesa pristupanja Evropskoj uniji, nagla\u0161avaju\u0107i klju\u010dne oblasti poput vladavine prava, ekonomskih reformi i ja\u010danja demokratskih institucija. Evropske integracije predstavljaju klju\u010dni korak ka stabilnosti i prosperitetu na\u0161e zemlje, zato moramo nastaviti sa uskla\u0111ivanjem standarda EU\u201c, izjavila je politi\u010darka.<\/p>\n\n\n\n<p>Ona je tako\u0111e govorila o mladima kao nositeljima promjena i va\u017enosti njihovog aktivnog anga\u017emana u politi\u010dkom \u017eivotu. \u201eMladima pripada budu\u0107nost, a oni moraju biti uklju\u010deni u dono\u0161enje odluka koje se ti\u010du njihove zemlje i njenog europskog puta\u201c, dodala je.<\/p>\n","protected":false},"excerpt":{"rendered":"<p>Prdstavnici Foruma za evropski Balkan Sanja Rubini\u0107 i Peter Antuni\u0107evi\u0107 sreli su se sa politi\u010darkom iz Crne Gore Jevrosimom Pejovi\u0107 te razgovarali na temu evropskih integracija, s posebnim naglaskom na budu\u0107e izazove i prilike koje o\u010dekuju Crnu Goru na njenom putu ka EU. Tokom razgovora koji je bio prilika za razmjenu mi\u0161ljenja i postavljanja temelja&#8230;<\/p>\n","protected":false},"author":2,"featured_media":0,"comment_status":"closed","ping_status":"open","sticky":false,"template":"","format":"standard","meta":{"footnotes":""},"categories":[3],"tags":[],"class_list":["post-2973","post","type-post","status-publish","format-standard","hentry","category-aktuelno"],"_links":{"self":[{"href":"https:\/\/feb.si\/me\/wp-json\/wp\/v2\/posts\/2973"}],"collection":[{"href":"https:\/\/feb.si\/me\/wp-json\/wp\/v2\/posts"}],"about":[{"href":"https:\/\/feb.si\/me\/wp-json\/wp\/v2\/types\/post"}],"author":[{"embeddable":true,"href":"https:\/\/feb.si\/me\/wp-json\/wp\/v2\/users\/2"}],"replies":[{"embeddable":true,"href":"https:\/\/feb.si\/me\/wp-json\/wp\/v2\/comments?post=2973"}],"version-history":[{"count":4,"href":"https:\/\/feb.si\/me\/wp-json\/wp\/v2\/posts\/2973\/revisions"}],"predecessor-version":[{"id":2978,"href":"https:\/\/feb.si\/me\/wp-json\/wp\/v2\/posts\/2973\/revisions\/2978"}],"wp:attachment":[{"href":"https:\/\/feb.si\/me\/wp-json\/wp\/v2\/media?parent=2973"}],"wp:term":[{"taxonomy":"category","embeddable":true,"href":"https:\/\/feb.si\/me\/wp-json\/wp\/v2\/categories?post=2973"},{"taxonomy":"post_tag","embeddable":true,"href":"https:\/\/feb.si\/me\/wp-json\/wp\/v2\/tags?post=2973"}],"curies":[{"name":"wp","href":"https:\/\/api.w.org\/{rel}","templated":true}]}}