{"id":2980,"date":"2025-03-26T09:23:51","date_gmt":"2025-03-26T09:23:51","guid":{"rendered":"https:\/\/feb.si\/me\/?p=2980"},"modified":"2025-03-26T09:28:52","modified_gmt":"2025-03-26T09:28:52","slug":"fon-der-lajen-i-costa-posle-sastanka-sa-vucicem-buducnost-srbije-je-u-eu","status":"publish","type":"post","link":"https:\/\/feb.si\/me\/blog\/2025\/03\/26\/fon-der-lajen-i-costa-posle-sastanka-sa-vucicem-buducnost-srbije-je-u-eu\/","title":{"rendered":"Fon der Lajen i Costa posle sastanka sa Vu\u010di\u0107em: Budu\u0107nost Srbije je u EU"},"content":{"rendered":"\n<p>Predsjednica Evropske komisije Ursula von der Leyen i predsjednik Evropskog savjeta Antonio Costa istakli su, posle radne ve\u010dere sa predsjednikom Srbije Aleksandrom Vu\u010di\u0107em u Briselu, da budu\u0107nost Srbije le\u017ei u EU i da zemlja mora da sprovodi reforme.<\/p>\n\n\n\n<p>Ursula von der Leyen i Antonio Costa opisali su razgovor kao va\u017ean u odvojenim objavama na dru\u0161tvenoj mre\u017ei X, a predsjednik Evropskog savjeta je dodao da su &#8222;opipljiva dostignu\u0107a u oblastima koja mogu direktno koristiti srpskom narodu na dohvatu ruke&#8220;.<\/p>\n\n\n\n<p>Situacija u Srbiji tokom vi\u0161emjese\u010dnih masovnih protesta nakon uru\u0161avanja nadstre\u0161nice \u017eelezni\u010dke stanice u Novom Sadu, koja je odnela 16 \u017eivota, nije pominjana u izjavama vrha EU, kao ni pitanje navodne upotrebe zvu\u010dnog topa na najmasovnijem protestu u Beogradu. <\/p>\n\n\n\n<p>Izvor: Tanjug<\/p>\n","protected":false},"excerpt":{"rendered":"<p>Predsjednica Evropske komisije Ursula von der Leyen i predsjednik Evropskog savjeta Antonio Costa istakli su, posle radne ve\u010dere sa predsjednikom Srbije Aleksandrom Vu\u010di\u0107em u Briselu, da budu\u0107nost Srbije le\u017ei u EU i da zemlja mora da sprovodi reforme. Ursula von der Leyen i Antonio Costa opisali su razgovor kao va\u017ean u odvojenim objavama na dru\u0161tvenoj&#8230;<\/p>\n","protected":false},"author":2,"featured_media":0,"comment_status":"closed","ping_status":"open","sticky":false,"template":"","format":"standard","meta":{"footnotes":""},"categories":[3],"tags":[],"class_list":["post-2980","post","type-post","status-publish","format-standard","hentry","category-aktuelno"],"_links":{"self":[{"href":"https:\/\/feb.si\/me\/wp-json\/wp\/v2\/posts\/2980"}],"collection":[{"href":"https:\/\/feb.si\/me\/wp-json\/wp\/v2\/posts"}],"about":[{"href":"https:\/\/feb.si\/me\/wp-json\/wp\/v2\/types\/post"}],"author":[{"embeddable":true,"href":"https:\/\/feb.si\/me\/wp-json\/wp\/v2\/users\/2"}],"replies":[{"embeddable":true,"href":"https:\/\/feb.si\/me\/wp-json\/wp\/v2\/comments?post=2980"}],"version-history":[{"count":3,"href":"https:\/\/feb.si\/me\/wp-json\/wp\/v2\/posts\/2980\/revisions"}],"predecessor-version":[{"id":2983,"href":"https:\/\/feb.si\/me\/wp-json\/wp\/v2\/posts\/2980\/revisions\/2983"}],"wp:attachment":[{"href":"https:\/\/feb.si\/me\/wp-json\/wp\/v2\/media?parent=2980"}],"wp:term":[{"taxonomy":"category","embeddable":true,"href":"https:\/\/feb.si\/me\/wp-json\/wp\/v2\/categories?post=2980"},{"taxonomy":"post_tag","embeddable":true,"href":"https:\/\/feb.si\/me\/wp-json\/wp\/v2\/tags?post=2980"}],"curies":[{"name":"wp","href":"https:\/\/api.w.org\/{rel}","templated":true}]}}