{"id":2985,"date":"2025-04-08T08:07:33","date_gmt":"2025-04-08T08:07:33","guid":{"rendered":"https:\/\/feb.si\/me\/?p=2985"},"modified":"2025-04-08T08:14:55","modified_gmt":"2025-04-08T08:14:55","slug":"kaja-kallas-krenula-na-zapadnobalkansku-turneju","status":"publish","type":"post","link":"https:\/\/feb.si\/me\/blog\/2025\/04\/08\/kaja-kallas-krenula-na-zapadnobalkansku-turneju\/","title":{"rendered":"Kaja Kallas krenula na zapadnobalkansku turneju"},"content":{"rendered":"\n\n\n<p>Visoka predstavnica EU Kaja Kalas pohvalila je u Podgorici napredak Crne Gore na evropskom putu i istakla va\u017enost nastavka reformi. Ona je nakon sastanka sa premijerom Milojkom Spaji\u0107em pozdravila posve\u0107enost reformama, ali je upozorila da zemlja ima jo\u0161 puno posla, te da je osigurana kontinuirana podr\u0161ka Evropske unije. Na po\u010detku svoje prve turneje po zapadnom Balkanu, Kallas \u0107e posjetiti i Tiranu i Sarajevo.<\/p>\n\n\n\n<p><\/p>\n","protected":false},"excerpt":{"rendered":"<p>Visoka predstavnica EU Kaja Kalas pohvalila je u Podgorici napredak Crne Gore na evropskom putu i istakla va\u017enost nastavka reformi. Ona je nakon sastanka sa premijerom Milojkom Spaji\u0107em pozdravila posve\u0107enost reformama, ali je upozorila da zemlja ima jo\u0161 puno posla, te da je osigurana kontinuirana podr\u0161ka Evropske unije. Na po\u010detku svoje prve turneje po zapadnom&#8230;<\/p>\n","protected":false},"author":2,"featured_media":0,"comment_status":"closed","ping_status":"open","sticky":false,"template":"","format":"standard","meta":{"footnotes":""},"categories":[3],"tags":[],"class_list":["post-2985","post","type-post","status-publish","format-standard","hentry","category-aktuelno"],"_links":{"self":[{"href":"https:\/\/feb.si\/me\/wp-json\/wp\/v2\/posts\/2985"}],"collection":[{"href":"https:\/\/feb.si\/me\/wp-json\/wp\/v2\/posts"}],"about":[{"href":"https:\/\/feb.si\/me\/wp-json\/wp\/v2\/types\/post"}],"author":[{"embeddable":true,"href":"https:\/\/feb.si\/me\/wp-json\/wp\/v2\/users\/2"}],"replies":[{"embeddable":true,"href":"https:\/\/feb.si\/me\/wp-json\/wp\/v2\/comments?post=2985"}],"version-history":[{"count":4,"href":"https:\/\/feb.si\/me\/wp-json\/wp\/v2\/posts\/2985\/revisions"}],"predecessor-version":[{"id":2990,"href":"https:\/\/feb.si\/me\/wp-json\/wp\/v2\/posts\/2985\/revisions\/2990"}],"wp:attachment":[{"href":"https:\/\/feb.si\/me\/wp-json\/wp\/v2\/media?parent=2985"}],"wp:term":[{"taxonomy":"category","embeddable":true,"href":"https:\/\/feb.si\/me\/wp-json\/wp\/v2\/categories?post=2985"},{"taxonomy":"post_tag","embeddable":true,"href":"https:\/\/feb.si\/me\/wp-json\/wp\/v2\/tags?post=2985"}],"curies":[{"name":"wp","href":"https:\/\/api.w.org\/{rel}","templated":true}]}}