{"id":3018,"date":"2025-04-17T09:14:13","date_gmt":"2025-04-17T09:14:13","guid":{"rendered":"https:\/\/feb.si\/me\/?p=3018"},"modified":"2025-04-17T13:46:29","modified_gmt":"2025-04-17T13:46:29","slug":"srbija-u-krizi-i-formiranje-nove-vlade","status":"publish","type":"post","link":"https:\/\/feb.si\/me\/blog\/2025\/04\/17\/srbija-u-krizi-i-formiranje-nove-vlade\/","title":{"rendered":"Srbija u krizi i formiranje nove vlade"},"content":{"rendered":"\n<p><strong>Novi premijer<\/strong><\/p>\n\n\n<div class=\"wp-block-image\">\n<figure class=\"alignleft size-full is-resized\"><img loading=\"lazy\" decoding=\"async\" width=\"275\" height=\"183\" src=\"https:\/\/feb.si\/me\/wp-content\/uploads\/sites\/2\/2025\/04\/images-1.jpg\" alt=\"\" class=\"wp-image-3021\" style=\"width:359px;height:auto\"\/><figcaption class=\"wp-element-caption\">\u0110uro Macut, mandatar nove vlade Srbije<\/figcaption><\/figure><\/div>\n\n\n<p>Nakon ostavke prethodne vlade Srbije premijera Milo\u0161a Vu\u010devi\u0107a (28.1.2025) kao posledica nasilja nad u\u010desnicima studentskih protesta u Novom Sadu, predsednik Srbije Aleksandar Vu\u010di\u0107 je 6. aprila odredio za mandatara \u0110uru Macuta, lekara i univerzitetskog profesora. Macut koji se do pre nekoliko meseci nije bavio politikom, odnosno nema nikakvo politi\u010dko iskustvo, podr\u017eao je Vu\u010di\u0107evu inicijativu o formiranju \u201cPokreta za narod i dr\u017eavu\u201d, kao neke vrste politi\u010dkog udru\u017eenja koje bi uz Vu\u010di\u0107ev \u201cSNS\u201d u uslovima duboke politi\u010dke krize u zemlji trebalo da okupi i druge politi\u010dke snage i nezavisne eksperte koje podr\u017eavaju postoje\u0107u vlast.<\/p>\n\n\n\n<p><strong>Nova vlada<\/strong><\/p>\n\n\n\n<p>Macut je formalno (a u su\u0161tini Aleksandar Vu\u010di\u0107) 14.4. predlo\u017eio sastav nove vlade koja bi se mogla nazvati nekom vrstom rekonstrukcije dosada\u0161nje vlade jer je od 30 predlo\u017eenih ministara njih 20 i do sada bilo u prethodnoj vladi. Osim toga, ve\u0107ina va\u017enijih ministara je zadr\u017eala svoje resore poput finansija (S. Mali), odbrane (B. Ga\u0161i\u0107), unutra\u0161njih (I. Da\u010di\u0107) i spoljnih poslova (M. \u0110uri\u0107), rudarstva i energetike, privrede, zdravlja, javnih ulaganja i dr. Vladu i dalje \u010dine dosada\u0161nja koalicija SNS M. Vu\u010devi\u0107a i SPS Ivice Da\u010di\u0107a uz jo\u0161 neke manje koalicione partnere, dok su \u010detvoro ministara &#8211; uz premijera &#8211; \u010dlanovi najavljenog \u201cPokreta za narod i dr\u017eavu.\u201d<br>U novoj vladi nisu ostala neka poznatija imena srpske politike pout bliskog saradnika Aleksandra Vu\u010di\u0107a \u2013 Aleksandra Vulina, politi\u010dara sa bliskim vezama sa Moskvom, koji se zala\u017ee za prekid pregovora sa EU i pribli\u017eavanje Srbije organizaciji BRIKS. Ovo ipak ne predstavlja drasti\u010dniji signal oko promene srpske spoljne politike (odnosno najavljivanog jasnijeg okretanja ka zapadu) imaju\u0107i u vidu da je u vladi ostao poznati privrednik sa bliskim vezama sa Rusijom N. Popovi\u0107 (ministar bez portfelja). S druge strane, u vladi nije zadr\u017eana prof. Tanja Mi\u0161\u010devi\u0107, poznati ekspert za pitanja evropske integracije \u010diji resor je preuzeo manje poznati Vu\u010di\u0107ev saradnik Nemanja Starovi\u0107. Ipak, ne treba o\u010dekivati promenu u retorici vlasti u Beogradu koja \u0107e, kao i do sada, ponavljati da je strate\u0161ki cilj Srbije ulazak u EU, ali sa malo konkretnih koraka u tom pravcu.<\/p>\n\n\n<div class=\"wp-block-image\">\n<figure class=\"alignleft size-full is-resized\"><img loading=\"lazy\" decoding=\"async\" width=\"272\" height=\"185\" src=\"https:\/\/feb.si\/me\/wp-content\/uploads\/sites\/2\/2025\/04\/images-2.jpg\" alt=\"\" class=\"wp-image-3024\" style=\"width:369px;height:auto\"\/><\/figure><\/div>\n\n\n<p><br>Najve\u0107e kontraverze u izboru ministara u novoj vlasti izazvao je izbor Dejana Vuka Stankovi\u0107a za ministra prosvete. Stankovi\u0107 je poznati komentator koji se redovno pojavljuje na provladinim medijima i koji se prethodnih meseci zalagao za o\u0161tre mere prisile prema \u201estudentima u blokadi\u201c i profesorima koji ih podr\u017eavaju. Ovo postavljenje, kao i postavljenje antievropskog aktiviste B. Bratine za ministra informisanja i komunikacija (snimljenog pre par godina kako pali zastavu EU) tuma\u010di se kao najava za mogu\u0107e o\u0161trije represivne mere prema u\u010desnicima studentskih protesta koji potresaju Srbiju jo\u0161 od kraja novembra pro\u0161le godine.<\/p>\n\n\n\n<p><strong>Dalja o\u010dekivanja u razvoju politi\u010dke krize u Srbiji<\/strong><\/p>\n\n\n\n<p>Sastav nove vlade koja je ve\u0107 nazvana \u201evladom kontinuiteta\u201c ukazuje da Vu\u010di\u0107 ne namerava da menja dosada\u0161nju politiku kada su u pitanju protesti i koja se sastoji od kombinacije mera dobijanja na vremenu, smirivanja i konfrontacije (sa elementima uobi\u010dajene propagande i represije) u o\u010dekivanju da \u0107e protesti izgubiti na intenzitetu.<br>Nedavno organizovani skup u Beogradu koji je odr\u017eala vlast (13.5) okupio je uz sve mere dr\u017eavnog \u201epodsticaja\u201c oko 6-8 puta manje u\u010desnika nego veliki protest u istom gradu organizovan od strane studenata i odr\u017ean 15.3. U me\u0111uvremenu, samo u toku pro\u0161le nedelje u Srbiji je organizovano preko 400 manjih protesta u gotovo svim mestima dr\u017eave, uklju\u010duju\u0107i i politi\u010dki osetljiv i vrlo zna\u010dajan skup nekoliko hiljada studenata i gra\u0111ana u Novom Pazaru, na kome se odigrala do sada retko vi\u0111ana manifestacija solidarnosti izme\u0111u sand\u017ea\u010dkih studenata i studenata iz ostatka Srbije. Tokom poslednjih nedelja do\u0161lo je i do izvesnog politi\u010dkog pomeranja studentskih \u201eplenuma\u201c na kojima je, nakon vi\u0161e meseci, po prvi put zapo\u010dela diskusija o na\u010dinima zamene sada\u0161njeg re\u017eima, odnosno o formiranju prelazne ekspertske vlade. Ovo predstavlja korak ka stavovima koje zastupaju opozicija i nezavisni stru\u010dnjaci (\u201eproGlas\u201c) o potrebi formiranja prelazne vlade kao preuslova za organizovanje po\u0161tenih i slobodnih izbora. Ipak, studenti su i dalje podeljeni o tom pitanju. Postoji i dalje visoka doza nepoverenja koju iskazuju prema bilo kojim dosada\u0161njim politi\u010dkim \u010diniocima (bilo da su vlast ili opozicija, pa \u010dak i aktivisti\u010dke organizacije civilnog dru\u0161tva).<br>Aleksandar Vu\u010di\u0107 je ostao uporan u svojoj oceni da njegovu vlast ugro\u017eava \u201eobojena revolucija\u201c podr\u017eana iz insostranstva. U praksi, javna podr\u0161ka iz inostranstva je uglavnom upu\u0107ena samom Vu\u010di\u0107u (ma\u0111arski i slova\u010dki premijeri Orban i Fico, vlasti u Moskvi i Pekingu i dr). Iako Vu\u010di\u0107 nije sasvim siguran u punu kontrolu dr\u017eavnog represivnog aparata, posebno u slu\u010daju ozbiljnijih nereda i nasilnih sukoba, on i dalje u dobroj meri kontroli\u0161e dr\u017eavni aparat, institucije prisile, kao i finasijsko-ekonomske tokove, medije i druge oblike propagande.<br>U celini, tokom poslednjih meseci krize, mo\u017ee se oceniti da je vlast u Beogradu dodatno oslabljena i da je i dalje gubi na podr\u0161ci gra\u0111ana i na popularnosti. Ipak, ne vidi se na\u010din na koji bi se ogromna energija studentskih i gra\u0111anskih protesta mogla preliti u artikulisanu politi\u010dku sferu. Stoga je najverovatniji scenarij za naredne mesece produ\u017eenje krize u razli\u010ditim oblicima i sa razli\u010ditim intenzitetom i oscilacijama. U tom kontekstu, mala su o\u010dekivanja da \u0107e nova vlada Srbije du\u017ee trajati. Aleksandar Vu\u010di\u0107 je ve\u0107 pomenuo da bi naredni izbori za Narodnu sku\u0161tinu mogli biti organizovani ve\u0107 2026. godine (redovni predsedni\u010dki i parlamentarni izbori su predvi\u0111eni za 2027. godinu).<\/p>\n","protected":false},"excerpt":{"rendered":"<p>Novi premijer Nakon ostavke prethodne vlade Srbije premijera Milo\u0161a Vu\u010devi\u0107a (28.1.2025) kao posledica nasilja nad u\u010desnicima studentskih protesta u Novom Sadu, predsednik Srbije Aleksandar Vu\u010di\u0107 je 6. aprila odredio za mandatara \u0110uru Macuta, lekara i univerzitetskog profesora. Macut koji se do pre nekoliko meseci nije bavio politikom, odnosno nema nikakvo politi\u010dko iskustvo, podr\u017eao je Vu\u010di\u0107evu&#8230;<\/p>\n","protected":false},"author":2,"featured_media":3030,"comment_status":"closed","ping_status":"open","sticky":false,"template":"","format":"standard","meta":{"footnotes":""},"categories":[2],"tags":[],"class_list":["post-3018","post","type-post","status-publish","format-standard","has-post-thumbnail","hentry","category-analize"],"_links":{"self":[{"href":"https:\/\/feb.si\/me\/wp-json\/wp\/v2\/posts\/3018"}],"collection":[{"href":"https:\/\/feb.si\/me\/wp-json\/wp\/v2\/posts"}],"about":[{"href":"https:\/\/feb.si\/me\/wp-json\/wp\/v2\/types\/post"}],"author":[{"embeddable":true,"href":"https:\/\/feb.si\/me\/wp-json\/wp\/v2\/users\/2"}],"replies":[{"embeddable":true,"href":"https:\/\/feb.si\/me\/wp-json\/wp\/v2\/comments?post=3018"}],"version-history":[{"count":7,"href":"https:\/\/feb.si\/me\/wp-json\/wp\/v2\/posts\/3018\/revisions"}],"predecessor-version":[{"id":3033,"href":"https:\/\/feb.si\/me\/wp-json\/wp\/v2\/posts\/3018\/revisions\/3033"}],"wp:featuredmedia":[{"embeddable":true,"href":"https:\/\/feb.si\/me\/wp-json\/wp\/v2\/media\/3030"}],"wp:attachment":[{"href":"https:\/\/feb.si\/me\/wp-json\/wp\/v2\/media?parent=3018"}],"wp:term":[{"taxonomy":"category","embeddable":true,"href":"https:\/\/feb.si\/me\/wp-json\/wp\/v2\/categories?post=3018"},{"taxonomy":"post_tag","embeddable":true,"href":"https:\/\/feb.si\/me\/wp-json\/wp\/v2\/tags?post=3018"}],"curies":[{"name":"wp","href":"https:\/\/api.w.org\/{rel}","templated":true}]}}