{"id":3046,"date":"2025-05-20T08:46:45","date_gmt":"2025-05-20T08:46:45","guid":{"rendered":"https:\/\/feb.si\/me\/?p=3046"},"modified":"2025-05-20T13:24:41","modified_gmt":"2025-05-20T13:24:41","slug":"beograd-izmedu-brisela-i-moskve","status":"publish","type":"post","link":"https:\/\/feb.si\/me\/blog\/2025\/05\/20\/beograd-izmedu-brisela-i-moskve\/","title":{"rendered":"Beograd izme\u0111u Brisela i Moskve"},"content":{"rendered":"\n<ul class=\"wp-block-list\">\n<li><em>Srbija u krizi i me\u0111unarodni odnosi Aleksandra Vu\u010di\u0107a <\/em><\/li>\n<\/ul>\n\n\n\n<p>Sa produ\u017eavanjem politi\u010dke krize obele\u017eene masovnim protestima i studentskim blokadama svih dr\u017eavnih fakulteta i univerziteta u Srbiji koje traju ve\u0107 \u0161est meseci, postepeno raste i pa\u017enja me\u0111unarodne javnosti \u2013 posebno one evropske, oko stanja u Srbiji i daljih koraka vlasti. Izborom nove vlade, pritiskom na profesore da se obnovi rad univerziteta i propagandnim akcijama u zemlji usmerenim na promociju ekonomskih projekata (priprema izlo\u017ebe Ekspo 27, izgradnja autoputeva i sl) Aleksandar Vu\u010di\u0107, bez obzira na proteste, nastavlja \u201e<em>politiku kontinuiteta<\/em>\u201c, tvrde\u0107i da je studentska \u201e<em>obojena revolucija<\/em>\u201c pri kraju. Mo\u017eda je najbolja ilustracija krize u kojoj se nalazi Srbija slika \u201ekampa\u201c, tj. grupe \u0161atora koji su iznikli u organizaciji simpatizera vlasti (tzv. \u201e<em>\u0107aci<\/em>\u201c studenti) na glavnom trgu Beograda izme\u0111u zgrada predsedni\u0161tva i Narodne skup\u0161tine, koji ve\u0107 vi\u0161e od mesec dana blokiraju saobra\u0107aj u centru prestonice.<\/p>\n\n\n\n<p>Re\u017eim najavljuje \u201ediplomatsku ofanzivu\u201c u \u010dijem centru je promocija me\u0111unarodnih \u201e<em>uspeha<\/em>\u201c u vidu kontakata sa zna\u010dajnim me\u0111unarodnim \u010diniocima, uklju\u010duju\u0107i vrhovne predstavnike EU, SAD, Rusije i Kine. Me\u0111utim, neuspeh Vu\u010di\u0107evog puta u SAD (po\u010detak maja) \u010diji cilj je bio neformalni susret sa Trampom (Aleksandar Vu\u010di\u0107 je prekinuo posetu zbog navodnih zdravstvenih problema), kao i u\u010de\u0161\u0107e na paradi u Moskvi na dan pobede 9 maja (na poziv Putina) ponovo \u010dine aktuelnim pitanje spoljnopoliti\u010dke orjentacije re\u017eima, odnosno iskrenosti opcije \u010dlanstva u Evropskoj uniji.<\/p>\n\n\n\n<p><strong>Marta Kos u Beogradu \u2013 diplomatija kao politi\u010dka ekvilibristika<\/strong><\/p>\n\n\n<div class=\"wp-block-image\">\n<figure class=\"alignleft size-full is-resized\"><img loading=\"lazy\" decoding=\"async\" width=\"275\" height=\"183\" src=\"https:\/\/feb.si\/me\/wp-content\/uploads\/sites\/2\/2025\/05\/images.jpg\" alt=\"\" class=\"wp-image-3050\" style=\"width:458px;height:auto\"\/><figcaption class=\"wp-element-caption\">Marta Kos, komesarka za pro\u0161irenje EU<\/figcaption><\/figure><\/div>\n\n\n<p>Poseta komesarke za pro\u0161irenje EU Marte Kos (29-30. april) do\u0161la je u osetljivom momentu karakteristi\u010dnom po napetostima u dru\u0161tvu, nepostojanju dijaloga i jednoj vrsti otklona koji i vlast i opozicija pokazuju prema EU. S jedne strane, Vu\u010di\u0107 javno tvrdi da odre\u0111ene snage u nekim zemljama EU aktivno podr\u017eavaju proteste (koje on naziva \u201eobojena revolucija\u201c). U nekoj vrsti \u0161izofrene propagande, vlasti istovremeno na zatvorenim sastancima ube\u0111uju predstavnike EU da iza zahteva studenata stoje proruske snage (ili slu\u017ebe), \u0161to ilustruju \u010dinjenicom da se ne protestima ne nose zastave EU ili dr\u017eava \u010dlanica (na protestima dominiraju skoro isklju\u010divo zastave Srbije).<\/p>\n\n\n\n<p>S druge strane dobar deo studenata, organizacija civilnog dru\u0161tva (OCD) i opozicije smatra da EU \u201ezatvara o\u010di\u201c pred pona\u0161anjem vlasti i ne pru\u017ea dovoljnu, \u010dak ni verbalnu podr\u0161ku protestima koji u su\u0161tini predstavljaju zahteve za demokratijom, pravnom dr\u017eavom, borbom protiv korupcije i osloba\u0111anju medija. Iako se vlasti uglavnom \u010duvaju od prekomerne upotrebe sile, upotreba zvu\u010dnog topa protiv mirnih demonstranata 15.3.2025. godine izazvala je rekacije predstavnika Saveta Evrope i Suda za ljudska prava (koji je doneo \u201eprivremenu meru\u201c prema Srbiji).<\/p>\n\n\n\n<p>U ovakvoj atmosferi, poseta Marte Kos je imala za cilj da pomogne popu\u0161tanju napetosti u dru\u0161tvu i obnovi realnog dijaloga izme\u0111u Evropske komisije i predstavnika srpskih vlasti. Istovremeno Kos je uputila poruku podr\u0161ke demokratskim i proevropskim pokretima u Srbiji (organizacijama civilnog dru\u0161tva, opoziciji, studentima&#8230;) isti\u010du\u0107i da se \u201ezahtevi studenata poklapaju sa onim \u0161to od Srbije o\u010dekuje u EU\u201c. Treba podsetiti da proces pregovora o pristupanju Srbije Uniji prakti\u010dno ne napreduje jo\u0161 od kraja 2021. godine. Krajem pro\u0161le godine predsedavaju\u0107a zemlja (Ma\u0111arska) poku\u0161ala je unutar Saveta EU (u komitetu Saveta EU za pro\u0161irenje \u2013 COELA) da obezbedi otvaranje klastera 3 (\u0161to je zvani\u010dni predlog Evropske komisije u poslednje tri godine). Ipak, nije do\u0161lo do napretka, delimi\u010dno i zbog erupcije krize i protesta u Srbiji (koji traju od novembra 2024. godine).<\/p>\n\n\n\n<p>Nastoje\u0107i da deblokira proces pregovora, vlada Srbije je po\u010detkom decembra 2024. godine dostavila Savetu EU \u201enon-pejper\u201c sa spiskom ciljeva i mera koje bi trebalo da preduzme. U dokumentu se navode kao glavni ciljevi: realizacija \u201eprelaznih merila\u201c za poglavlja 23 i 24 (vladavina prava) do sredine 2025. godine, kao i potpuno uskla\u0111ivanje propisa Srbije sa <em>aquis communautaire<\/em> (pravne tekovine Unije) do kraja 2026. godine, a u perspektivi zav\u0161etka pregovora. Kao konkretne teku\u0107e mere koje \u0107e preduzeti, Srbija je navela obaveze preuzete tzv. Reformskom agendom: izbor \u010dlanova nadzornog tela za medije \u2013 REM, uskla\u0111ivanje oko izbornih uslova u Srbiji sa preporukama ODHIR (od toga zavisi i prijem dela sredstava EU namenjenih Srbiji iz \u201ePlana rasta za Zapadni Balkan\u201c). Osim toga, obe\u0107ano je ve\u0107e uskla\u0111ivanje sa merama Zajedni\u010dke spoljne i bezbednosne politike (pitanje deklaracija i sankcija prema Rusiji), uskla\u0111ivanje vizne politike sa EU, zavr\u0161etak gasnog intekonektora sa Bugarskom, kao i konstruktivno pona\u0161anje u dijalogu sa Pri\u0161tinom.<\/p>\n\n\n\n<p>Iako ni tokom prvih meseci ove godine ve\u0107ina gornjih mera nije realizovana (sa izuzetkom interkonektora sa Bugarskom i nekih mera vizne politike), one su predstavljajle teme konkretnih razgovora srpskih vlasti i predstavnika EU u poslednjem periodu. Prema dostupnim informacija, razgovori M. Kos sa predsednikom Vu\u010di\u0107em su vo\u0111eni u te\u0161koj atmosferi. Vu\u010di\u0107 je kasnije na dru\u0161tvenim mre\u017eama objavio da je \u201ezadovoljan\u201c razgovorom i obe\u0107ao nastavak aktivnosti sa ciljem pristupanja Uniji. Istovremeno, ponovio je da \u0107e prisustvovati paradi u Moskvi 9. maja. Sli\u010dan je po sadr\u017eaju bio i razgovor komesarke sa novim premijerom Macutom, kao i sa drugim srpskim zvani\u010dnicima.<\/p>\n\n\n\n<p>M. Kos je imala nekoliko susreta sa OCD, studentima, kao i sa predstavnicima parlamentarne opozicije koji su uglavnom ostavili povoljan utisak na sagovornike. U razgovorima, Kos je pozvala OCD i opoziciju da se vrate u proces dijaloga sa vlastima oko teme pristupanja EU. U krugovima njenih sagovornika ocenjeno je da je ostavila utisak o dobrim namerama, posve\u0107enosti i da dobro poznaje i razume situaciju.&nbsp;<\/p>\n\n\n\n<p>Najvi\u0161e kritike u srpskoj opozicionoj javnosti izazvao je kratak susret M. Kos sa tzv. \u201estudentima koji \u017eele da u\u010de\u201c, tj. onoj (vrlo maloj) grupi studenata koji podr\u017eavaju vlasti i \u0161to je o\u010digledno bio gest da se odobrovolji Vu\u010di\u0107.<\/p>\n\n\n\n<p>Osim \u0161to je komesarka za pro\u0161irenje Marta Kos prvi put posetila Beograd, tokom narednih nedelja obavljene su i posete predsednika Evropskog saveta Antonia Ko\u0161te i visoke predstavnice za spoljnu politiku i bezbednost Kaje Kalas (11.-12.maj). Pa\u017enja briselskih institucija za stanje u Srbiji iskazuje se i novom rezolucijom Evropskog parlamenta (koju je pripremio hrvatski poslanik Picula) u okviru ocene napretka zemalja kandidata (6. maj). Posebnu pa\u017enju izaziva i studentska delegacija \u201eultramaratonaca\u201c, koji bi nakon studenata \u2013 biciklista koji su posetili Strasbur, u\u010destvovali u debati Odbora EP za ljudska prava u Briselu (14.maj).<\/p>\n\n\n\n<p><strong>Vu\u010di\u0107eva poseta Moskvi<\/strong><\/p>\n\n\n<div class=\"wp-block-image\">\n<figure class=\"alignleft size-full is-resized\"><img loading=\"lazy\" decoding=\"async\" width=\"1000\" height=\"562\" src=\"https:\/\/feb.si\/me\/wp-content\/uploads\/sites\/2\/2025\/05\/Wide-2025-05-07T160930Z_879208110_RC24DEAF4OP4_RTRMADP_5_WW2-ANNIVERSARY-RUSSIA-SERBIA-ARRIVAL-1000.webp\" alt=\"\" class=\"wp-image-3054\" style=\"width:492px;height:auto\" srcset=\"https:\/\/feb.si\/me\/wp-content\/uploads\/sites\/2\/2025\/05\/Wide-2025-05-07T160930Z_879208110_RC24DEAF4OP4_RTRMADP_5_WW2-ANNIVERSARY-RUSSIA-SERBIA-ARRIVAL-1000.webp 1000w, https:\/\/feb.si\/me\/wp-content\/uploads\/sites\/2\/2025\/05\/Wide-2025-05-07T160930Z_879208110_RC24DEAF4OP4_RTRMADP_5_WW2-ANNIVERSARY-RUSSIA-SERBIA-ARRIVAL-1000-300x169.webp 300w, https:\/\/feb.si\/me\/wp-content\/uploads\/sites\/2\/2025\/05\/Wide-2025-05-07T160930Z_879208110_RC24DEAF4OP4_RTRMADP_5_WW2-ANNIVERSARY-RUSSIA-SERBIA-ARRIVAL-1000-768x432.webp 768w\" sizes=\"(max-width: 1000px) 100vw, 1000px\" \/><figcaption class=\"wp-element-caption\">Predsednik Srbije Aleksandar Vu\u010di\u0107<\/figcaption><\/figure><\/div>\n\n\n<p>Vu\u010di\u0107 je ve\u0107 nekoliko puta najavio, kako u zatvorenim razgovorima tako i javno, da \u0107e se odazvati pozivu ruskog predsednika Putina da prisustvuje paradi 9. maja povodom obele\u017eavanja 50 godina od pobede u II svetskom ratu. Kontekst pribli\u017eavanja Trampa i Putina, odnosno SAD i Rusije u okviru pregovora o miru u Ukrajini &#8211; \u0161to podr\u017eavaju i tzv. \u201esuverenisti\u201c u EU (Orban u Ma\u0111arskoj i Fico u Slova\u010dkoj) &#8211; odgovara Vu\u010di\u0107u. Ipak, on je upozoren od strane visoke predstavnice K. Kalas, kao i predstavnika nekih dr\u017eava \u010dlanica (Estonija) da bi prisustvo u Moskvi moglo da ima posledice po stavove dr\u017eava \u010dlanica kada je u pitanju proces pristupanja Srbije Uniji.<\/p>\n\n\n\n<p>U okviru te\u0161ko\u0107a u unutra\u0161njoj politici, Vu\u010di\u0107 nastoji da svojim me\u0111unarodnim nastupom potvrdi navodni uspeh svoje spoljne politike i time oja\u010da polo\u017eaj i popularnost kod svojih, ve\u0107inom \u201eproruskih\u201c i \u201eprotrampovskih\u201c glasa\u010da. On put u Moskvu obja\u0161njava pragmati\u010dnim razlozima (pregovori sa Rusijom o ceni gasa, pitanje statusa Naftne industrije Srbije \u2013 NIS koja je kao ruska filijala pod pretnjom sankcija SAD). &nbsp;S druge strane, Vu\u010di\u0107u ne bi odgovarala ni potpuna blokada u pregovorima sa EU.<\/p>\n\n\n\n<p>Iako u ja\u010danju li\u010dnih odnosa sa Trampom i Putinom Vu\u010di\u0107 vidi ve\u0107u \u0161ansu za odr\u017eavanje svoje zna\u010dajno poljuljane popularnosti nego u napretku u pregovorima sa&nbsp; geopoliti\u010dki \u201eoslabljenom\u201c EU, njegov izbor ne\u0107e biti sasvim lak i simboli\u010dno \u0107e pokazati u kom pravcu se realno&nbsp; kre\u0107e spoljna politika Srbije.&nbsp;&nbsp;<\/p>\n\n\n\n<p>Iako bitno oslabljen, Vu\u010di\u0107ev li\u010dni autokratski re\u017eim se odr\u017eava poput boksera koji je pretrpeo jake udarce, ali nije pao i nastavlja da se bori u ringu. Taj \u201ebokser\u201c ne prihvata poraz na poene, a druga strana nema snagu da mu zada odlu\u010duju\u0107i nakaut.<\/p>\n\n\n\n<p>U studentskim krugovima raste popularnost ideje da se zahtevaju vanredni izbori na kojim bi mo\u017eda u\u010destvovala i neka posebna studentsko-akademska lista (koju bi eventualno podr\u017eala i opozicija). Mo\u017eda bi vanredni izbori, odr\u017eani pod nadzorom ODHIR i EU, bili na\u010din da se zavr\u0161i produ\u017eena borba u \u201eringu\u201c izme\u0111u studenata i vlasti i da se bar delimi\u010dno vrati normalnost u politi\u010dki i dru\u0161tveni \u017eivot u Srbiji.&nbsp;<\/p>\n\n\n\n<p>Autor teksta: Forum za evropski Balkan<\/p>\n","protected":false},"excerpt":{"rendered":"<p>Sa produ\u017eavanjem politi\u010dke krize obele\u017eene masovnim protestima i studentskim blokadama svih dr\u017eavnih fakulteta i univerziteta u Srbiji koje traju ve\u0107 \u0161est meseci, postepeno raste i pa\u017enja me\u0111unarodne javnosti \u2013 posebno one evropske, oko stanja u Srbiji i daljih koraka vlasti. Izborom nove vlade, pritiskom na profesore da se obnovi rad univerziteta i propagandnim akcijama u&#8230;<\/p>\n","protected":false},"author":2,"featured_media":0,"comment_status":"closed","ping_status":"open","sticky":false,"template":"","format":"standard","meta":{"footnotes":""},"categories":[2],"tags":[],"class_list":["post-3046","post","type-post","status-publish","format-standard","hentry","category-analize"],"_links":{"self":[{"href":"https:\/\/feb.si\/me\/wp-json\/wp\/v2\/posts\/3046"}],"collection":[{"href":"https:\/\/feb.si\/me\/wp-json\/wp\/v2\/posts"}],"about":[{"href":"https:\/\/feb.si\/me\/wp-json\/wp\/v2\/types\/post"}],"author":[{"embeddable":true,"href":"https:\/\/feb.si\/me\/wp-json\/wp\/v2\/users\/2"}],"replies":[{"embeddable":true,"href":"https:\/\/feb.si\/me\/wp-json\/wp\/v2\/comments?post=3046"}],"version-history":[{"count":8,"href":"https:\/\/feb.si\/me\/wp-json\/wp\/v2\/posts\/3046\/revisions"}],"predecessor-version":[{"id":3060,"href":"https:\/\/feb.si\/me\/wp-json\/wp\/v2\/posts\/3046\/revisions\/3060"}],"wp:attachment":[{"href":"https:\/\/feb.si\/me\/wp-json\/wp\/v2\/media?parent=3046"}],"wp:term":[{"taxonomy":"category","embeddable":true,"href":"https:\/\/feb.si\/me\/wp-json\/wp\/v2\/categories?post=3046"},{"taxonomy":"post_tag","embeddable":true,"href":"https:\/\/feb.si\/me\/wp-json\/wp\/v2\/tags?post=3046"}],"curies":[{"name":"wp","href":"https:\/\/api.w.org\/{rel}","templated":true}]}}