{"id":3078,"date":"2025-06-30T08:18:53","date_gmt":"2025-06-30T08:18:53","guid":{"rendered":"https:\/\/feb.si\/me\/?p=3078"},"modified":"2025-07-15T07:27:45","modified_gmt":"2025-07-15T07:27:45","slug":"srbija-u-politickoj-krizi-ima-li-sadasnja-vlast-alternativu","status":"publish","type":"post","link":"https:\/\/feb.si\/me\/blog\/2025\/06\/30\/srbija-u-politickoj-krizi-ima-li-sadasnja-vlast-alternativu\/","title":{"rendered":"Srbija u politi\u010dkoj krizi: ima li sada\u0161nja vlast alternativu?"},"content":{"rendered":"<div class=\"wp-block-image\">\n<figure class=\"alignleft size-large is-resized\"><img loading=\"lazy\" decoding=\"async\" width=\"681\" height=\"1024\" src=\"https:\/\/feb.si\/me\/wp-content\/uploads\/sites\/2\/2025\/06\/9_-681x1024.png\" alt=\"\" class=\"wp-image-3089\" style=\"width:325px;height:auto\" srcset=\"https:\/\/feb.si\/me\/wp-content\/uploads\/sites\/2\/2025\/06\/9_-681x1024.png 681w, https:\/\/feb.si\/me\/wp-content\/uploads\/sites\/2\/2025\/06\/9_-200x300.png 200w, https:\/\/feb.si\/me\/wp-content\/uploads\/sites\/2\/2025\/06\/9_.png 748w\" sizes=\"(max-width: 681px) 100vw, 681px\" \/><figcaption class=\"wp-element-caption\">Autor teksta profesor dr Du\u0161ko Lopandi\u0107: \u010dlan stru\u010dnog savjeta Foruma za evropski Balkan <\/figcaption><\/figure><\/div>\n\n\n<p>  Tokom poslednjih nekoliko meseci, glavne ulice srpske prestonice su dobile izgled \u201enove normalnosti\u201c koja vlada u Srbiji obuzetoj politi\u010dkom krizom. U prostoru izme\u0111u predsedni\u0161tva i Trga Nikole Pa\u0161i\u0107a brojni \u0161atori predstavljaju neku vrstu logora predsednikovih \u201elojalista\u201c me\u0111u kojima je i nekoliko \u201estudenata koji \u017eele da u\u010de\u201c i koji blokiraju prolaz ispred Narodne sku\u0161p\u0161tine. S druge strane, na nekoliko stotina metar dalje &#8211; u Bulevaru kneza Milo\u0161a ispred zgrade srpske vlade &#8211; glavna gradska raskrsnica tako\u0111e je blokirana \u0161atorima. U ovom slu\u010daju, radi se o profesorima i studentima \u201ePobunjenog univerziteta\u201c koji su raskr\u0161\u0107e zauzeli kao reakciju na represivne mere vlade koje se odnose na materijalno stanje i autonomiju dr\u017eavnog univerziteta. U gradu koji blokiraju i vlast i opozicija voza\u010di se snalaze kako znaju i umeju.<\/p>\n\n\n\n<p><\/p>\n\n\n\n<p><\/p>\n\n\n<div class=\"wp-block-image\">\n<figure class=\"alignleft size-full\"><img loading=\"lazy\" decoding=\"async\" width=\"500\" height=\"281\" src=\"https:\/\/feb.si\/me\/wp-content\/uploads\/sites\/2\/2025\/06\/satori.format-webp.width-500.webp\" alt=\"\" class=\"wp-image-3083\" srcset=\"https:\/\/feb.si\/me\/wp-content\/uploads\/sites\/2\/2025\/06\/satori.format-webp.width-500.webp 500w, https:\/\/feb.si\/me\/wp-content\/uploads\/sites\/2\/2025\/06\/satori.format-webp.width-500-300x169.webp 300w\" sizes=\"(max-width: 500px) 100vw, 500px\" \/><figcaption class=\"wp-element-caption\">Deo belih \u0161atora ispred Doma narodne skup\u0161tine u Beogradu<\/figcaption><\/figure><\/div>\n\n\n<p>Iako je predsednik Srbije Aleksandar Vu\u010di\u0107 u vi\u0161e navrata objavio da je pobedio \u201eobojenu revoluciju\u201c koja je, \u201epomagana sa strane i koja je ugrozila dr\u017eavu\u201c, nadmetanje izme\u0111u vlasti i nosilaca masovnih protesta \u2013 u prvom redu studenata \u2013 nalazi se u nekoj vrsti nestabilne ravnote\u017ee a&nbsp; politi\u010dkoj krizi se ne vidi kraj. U Srbiji je tokom poslednjih osam meseci ukupno odr\u017eano \u010dak oko 20.000 protesnih skupova manjeg ili ve\u0107eg obima u 400 mesta (zvani\u010dni podaci). Potesti studenata u blokadi i gra\u0111ana se produ\u017eavaju &#8211; iako sa smanjenim intenzitetom. Nakon neispunjenih zahteva koji su se odnosili na pitanje odgovornosti za tragediju na \u017eelezni\u010dkoj stanici u Novom Sadu i dr, glavni studentski zahtev je sada usmeren na zakazivanje vanrednih parlamentarnih izbora.<\/p>\n\n\n\n<p>Tokom poslednjih nedelja politi\u010dka kriza preselila se delimi\u010dno u \u201eklasi\u010dniji\u201c vid politi\u010dkog nadmetanja &#8211; izbore. Pa\u017enja javnoti se usmerila na lokalne izbore odr\u017eane u dva mesta u centralnoj (Kosjeri\u0107) i isto\u010dnoj (Zaje\u010dar) Srbiji. Izbori u ovim mestima su dobili simboli\u010dni zna\u010daj nacionalnog testa koji je trebalo da poka\u017ee u kom pravcu \u201eprete\u017eu\u201c politi\u010dki trendovi.&nbsp; Odr\u017eani su 8. juna 2025. Opozicija je u Kosjeri\u0107u nastupala sa jedinstvenom listom uz podr\u0161ku studenata. Iako je vladaju\u0107a stranka koristila sve uobi\u010dajene instrumente ube\u0111ivanja glasa\u010da (medijska propaganda, pritisci, potkupljivanje, funkcionerska kampanja i dr) rezultat u Kosjeri\u0107u je bio prakti\u010dno nere\u0161en (SNS je dobio samo 51 glasova vi\u0161e na ukupno 9.000 glasa\u010da). U Zaje\u010daru, opozicija je nastupala sa vi\u0161e lista. SNS je pobedio sa ne\u0161to ve\u0107om razlikom (oko 2.000 na 30.000 glasova). Me\u0111utim, posmatrano u apsolutnim brojevima i u jednom i u drugom mestu ukupan broj glasa\u010da za SNS je uglavnom stagnirao, dok je opozicija zabele\u017eila porast glasova od tre\u0107ine (Zaje\u010dar) do polovine (Kosjeri\u0107) glasova u odnosu na prethodne izbore (zahvaljuju\u0107i ve\u0107oj izlaznosti). Ovo je znatno podstaklo optimizam opozicionih aktivista koji su rezultate protuma\u010dili kao uspeh i posledicu masovnih protesta, odnosno nesumnjivog pada popularnosti re\u017eima.<\/p>\n\n\n\n<p>Ipak, vlast Aleksandra Vu\u010di\u0107a i pored pada popularnosti, pokazuje znakove konsolidacije a svaki \u201epredah\u201c u protestima koristi za kontraofanizivu, \u0161to obuhvata i represivne mere (hap\u0161enja za&nbsp; izgrede na ulicama ili \u201ekonspirativne aktivnosti\u201c), pritiske posebno na univerzitet (smanjenje materijalne pomo\u0107i i ukidanje isplata profesorima), kao i nesmanjenu propagandu protiv \u201eterorista\u201c i \u201enacista- blokadera\u201c, kako re\u017eimski predstavnici nazivaju studente u protestima. A. Vu\u010di\u0107 nastavlja da igra na vreme i na otezanje, u najve\u0107em obimu ignori\u0161u\u0107i zahteve sa protesta.&nbsp; Vu\u010di\u0107 ve\u0161to koristi uslovljenu i relativnu \u201epodr\u0161ku\u201c koju dobija iz EU i pojedinih zemalja (Francuska, Italija, Ma\u0111arska). Nastavlja da insistira na svom glavnom \u201eprojektu\u201c&nbsp; &#8211; realizaciji infrastruktura za izlo\u017ebu Ekspo 2027 kao cilja koji ima prioritet pred bilo kojim drugim pitanjem.<\/p>\n\n\n\n<p>Za kraj juna \u2013 praznik Vidovdan (28. mart) &#8211; studenti su zakazali jo\u0161 jednu rundu odmeravanja sa vlastima. Pozvali su gra\u0111ane na novi protest koji bi trebalo da bude sli\u010dan onom odr\u017eanom u Beogradu 15.3.2025. godine, koji je bio jedno od najve\u0107ih okupljanja u istoriji Srbije (preko 300.000 ljudi). Mogu\u0107e je (iako nije sigurno) da bi studenti izme\u0111u ostalog, tokom protesta mogli da proglase svoju \u201eizbornu listu\u201c za predstoje\u0107e izbore koji jo\u0161 nisu na vidiku. Ipak ostaje pitanje postoji li alterantiva u ovako podeljenoj Srbiji u kojoj je vlast izgubila dobar deo legitimiteta, ali ostaje \u201eukopana\u201c na svojim pozicijama, nasuprot protestantima koji&nbsp; pored masovnosti, nemaju prave instrumente za smenu re\u017eima?<\/p>\n\n\n\n<p><strong>Krugovi vlasti \u2013 nova politi\u010dka i ekonomska \u201eelita\u201c u okru\u017eenju Aleksandra Vu\u010di\u0107a<\/strong><\/p>\n\n\n\n<p>Tokom vi\u0161e od decenije neprikosnovene autoritarne vlasti Aleksandra Vu\u010di\u0107a stvorena je jedna vrsta nove \u201epoliti\u010dko-preduzetni\u010dke elite\u201c koja predstavalja osnovni oslonac re\u017eima. Ona je blisko povezane sa vrhovima stranke SNS, ali i sa vi\u0161e ili manje kriminalizovanim krugovima koji su predstavljali jedan od kontakata za uklju\u010divanje sumnjivog kapitala (pranje novca) koji je ubacivan u ekonomiju (prvenstveno u gra\u0111evinarstvo, ugostiteljstvo i sisteme kladionica). Netransparentne klijentisti\u010dko-koruptivne mre\u017ee su brojnim funkcionerima i politi\u010darima iz krugova vlasti na centralnom i lokalnom nivou, kao i raznim \u201epreduzetnicima\u201c koji su pre desetak godina tek imali male poslove ili tra\u017eili zaposlenje, omogu\u0107ile unosne poslove i brzo boga\u0107enje.<\/p>\n\n\n\n<p>A. Vu\u010di\u0107 je direktno ili indirektno povezan i kontroli\u0161e tri klijentisti\u010dko-koruptivne mre\u017ee koje su u me\u0111usobnom kontaktu ali predstavljaju odvojene dru\u0161tvene grupe. Neki od&nbsp; \u010dlanova ovih mre\u017ea su poznati javnosti (ministri, partijski i lokalni funkcioneri), dok se drugi nikada ne pominju u medijima. Prvu mre\u017eu\/krug \u010dini krug \u201epoliti\u010dara\u201c tj. visokih funkcionera SNS (uklju\u010duju\u0107i i visoke dr\u017eavne slu\u017ebenike, gde spadaju i krugovi koalicionih stranaka poput SPS i sl koji su tako\u0111e uklju\u010deni u razli\u010dite lukrativne poslove). Druga mre\u017ea su \u201etajkuni\u201c &#8211; preduzetnici koji su li\u010dnim, porodi\u010dnim, odnosno neformalnim vezama povezani sa prvom mre\u017eom, kao i sa samim Vu\u010di\u0107em i njegovom \u0161irom porodicom i koji stoga imaju lak\u0161i pristup velikim poslovima koje obezbe\u0111uje dr\u017eava. Najzad, tre\u0107u &#8211; najnetransparentniju mre\u017eu &#8211; \u010dine kriminalizovane grupe (trgovina drogom i sl), navija\u010dke i sli\u010dne huliganske grupe, profesionalci zadu\u017eeni za poslove \u201efizi\u010dkog obezbe\u0111enja\u201c i sl. koje su uklju\u010dene i u legalne biznise, \u201eposlove\u201c koje obezbe\u0111uje dr\u017eava. Pri tome, granice izme\u0111u prethodnih kategorija i ove poslednje su netransparentne, mutne i promenjive.<\/p>\n\n\n\n<p>Prema nedavnom istra\u017eivanju novinarske istra\u017eiva\u010dke mre\u017ee KRIK, vi\u0161e ministara u vladi RS (me\u0111u kojima ministar odbrane, ministar finansija, ministar javnih radova, biv\u0161a ministarka za \u017eivotnu sredinu i dr) raspola\u017eu imovinom pojedina\u010dno vrednom na desetine miliona evra, ste\u010denom uglavnom tokom protekle decenije. Tako je, primera radi, imovina porodice Irene Vujovi\u0107 (biv\u0161e ministarke za \u017eivotnu sredinu i nekada\u0161nje predsednice jedne beogradske op\u0161tine, koja je otpo\u010dela karijeru kao sekretarica u SNS) procenjena na oko 13 miliona evra. Radi se, me\u0111utim, samo o \u201edrugom krugu\u201c politi\u010dkih i poslovnih saradnika predsednika RS Aleksandra Vu\u010di\u0107a, dok su u bli\u017eem okru\u017eenju (ne ra\u010dunaju\u0107i imovinu njegove porodice, na \u010delu sa bratom Andrejem \u0161to predstavlja posebno \u010duvanu tajnu) oni koju su \u201ete\u0161ki\u201c stotine miliona evra: najbli\u017ei \u0161efovi preduzetnici-politi\u010dari uklju\u010duju\u0107i one koji su u poslovnim vezama sa izvo\u0111a\u010cima velikih vladinih projekata u oblastima gra\u0111evinarstva, energetike, infrastruktura i dr.<\/p>\n\n\n\n<p>Primer veze biznisa i kriminala predstavljaju \u201eposlovni ljudi\u201c poreklom sa Kosova, poput Zvonka Veselinovi\u0107a i Milana Radoj\u010di\u0107a (ovaj poslednji, donedavno glavni Vu\u010di\u0107ev predstavnik u Srpskoj stranci na Kosovu, postao je \u0161iroko poznat po neuspeloh oru\u017eanoj akciji \u201eBanjska\u201c) koji su pre 2010. godini slovili kao mali izgrednici \u2013 krijum\u010dari izme\u0111u centralne Srbije i Kosova. Oni su tokom decenije stvorili pravo poslovno \u201ecarstvo\u201c u okviru kog je i vlasni\u0161tvo nekih od najluksuznijih hotela na planini Kopaonik.<\/p>\n\n\n\n<p>Sli\u010dna vrsta \u201einvestitora\u201c ulo\u017eila je na planini \u2013 odmarali\u0161tu Zlatibor sredstva u gra\u0111evine koja se procenjuju verovatno i na vi\u0161e od milijardu dolara i \u010dije je poreklo nepoznato i neispitano, ali koje verovatno poti\u010de iz raznih \u201emutnih poslova\u201c, odnosno predstavlja deo operacija pranja kapitala sumnjivog porekla, ba\u0161 kao \u0161to su to i neka ulaganja u veliki projekat. \u201eBeograd na vodi\u201c.<\/p>\n\n\n\n<p>Nisu najzad nisu nepoznate veze re\u017eima sa \u010distim kriminalom oli\u010denim o dve suprostavljene kriminalne grupe (\u0161kaljarski i kava\u010dki klan) koje su poreklom iz Crne Gore i koje su razvile svoje aktivnosti (\u0161verc drogom i sl) i po Srbiji kao i drugim zemljama. Veze Novaka Nedi\u0107a, dugogodi\u0161njeg generalnog sekretara vlade Srbije i \u010dlana SNS (nedavno smenjen) sa pojedinim kriminalnim strukturama (Velja Belivuk i dr) su odavno poznate. U novije vreme je objavljivanje razgovora preko aplikacije \u201e<em>sky<\/em>\u201c koje su koristile kriminalne grupe potvrdilo postojanje kontakata visokih dr\u017eavnih funkcionera sa pojedincima iz kriminalne sredine. Javna je tajna da neki od njih imaju uticaj u dr\u017eavnoj administraciji &#8211; posebno u slu\u017ebama kao \u0161to su carina, poreska uprava, slu\u017ebe za gra\u0111evinske dozvole i sl. (biv\u0161e grupe Velje Belivuka, Filipa Kora\u0107a, sada\u0161nje aktivnosti Luke Bojovi\u0107a i dr).<\/p>\n\n\n\n<p>&nbsp;&nbsp;&nbsp;&nbsp;&nbsp;&nbsp;&nbsp;&nbsp;&nbsp;&nbsp;&nbsp; Ekonomsko-poslovna \u201eelita\u201c koja se obogatila tokom vlasti SNS je u celini glavna dru\u0161tvena grupacija zainteresovana za opstanak Vu\u010di\u0107eve vlasti po bilo koju cenu. Najnoviji napori A. Vu\u010di\u0107a da rebrendira fasadu svoje vlasti, odre\u0111enim distanciranjem od sopstvene stranke &#8211; SNS (Vu\u010di\u0107 nije formalno predsednik SNS od 2023. godine iako i dalje figurira na \u010delu svih lista na lokalnim izborima kao i na posterima i javnih okupljanja), s jedne strane, i pokretanjem \u201ePokreta za narod i dr\u017eavu\u201c (u kome bi uslovno trebalo da budu \u201enovi ljudi\u201c poput novog premijera, dr \u0110ure Macuta) posledica je svesti da je do\u0161lo do pada popularnosti SNS, odnosno do \u0161irokog kompromitovanja brojnih funkcionera u razli\u010ditim koruptivnim aktivnostima.<\/p>\n\n\n\n<p><strong>&nbsp;&nbsp;&nbsp;&nbsp;&nbsp;&nbsp;&nbsp;&nbsp;&nbsp;&nbsp;&nbsp; Studentski pokret \u2013 imaju li studenti jasnu strategiju i ciljeve?<\/strong><\/p>\n\n\n\n<p>&nbsp;&nbsp;&nbsp;&nbsp;&nbsp;&nbsp;&nbsp;&nbsp;&nbsp;&nbsp;&nbsp; Studentski pokret je bez sumnje u ovom momentu uz vlast najuticajniji politi\u010dki \u010dinilac u unutra\u0161njoj politici u Srbiji.<\/p>\n\n\n\n<p>Iako je pojava ovako \u0161irokih, upornih, artikulisanih i energi\u010dnih protesta vo\u0111enih od strane studenata svih dr\u017eavnih univerziteta u Srbiji iznenadila sve posmatra\u010de \u2013 pa i Vu\u010di\u0107a \u2013 sa protokom vremena pokazale su se i odre\u0111ene slabosti pokreta koji u po\u010detku nije imao eksplicitno politi\u010dke ciljeve. Nedostatak konkretnog vo\u0111stva studentskog pokreta koji deluje i odlu\u010duje u okviru fakultetskih \u201eplenuma\u201c (zborova svih zainteresovanih studenata) imala je i odgovaraju\u0107e prednosti (nemogu\u0107nost re\u017eima da \u201etargetira\u201c konkretne vo\u0111e) ali i nedostatke. Proces dono\u0161enja odluka putem plenuma pokazao se kao dosta spor, \u010desto anarhi\u010dan i nepredvidiv. Konkretni ciljevi su \u010desto ostajali na nivou apstrakcije (\u201etra\u017eimo da institucije profunkcioni\u0161u\u201c i sl), \u0161to je delimi\u010dno bila i posledica nastojanja da studentski plenumi odr\u017ee princip me\u0111usobnog konsensusa. S vremenom, u radu plenuma su ostali najuporniji i \u010desto studenti najekstremnijih stavova (poput na primer krajnjih levi\u010dara \u2013 anarhista na Fakultetu filozofije i sl) dok su se \u201eumerenjaci\u201c postepeno pasivizirali. Po\u010detno ogra\u0111ivanje \u201eod politike\u201c, imalo je za posledicu marginalizaciju dela studenata sa aktivisti\u010dkim iskustvom (\u010dlanovi stranaka, nevladinih organizacija i sl). U istom smislu, povremeno ogra\u0111ivanje, ne samo od politi\u010dkih partija, ve\u0107 i od celog aktivisti\u010dkog sektora civilnog dru\u0161tva, kao i od poznatih javnih aktivista \u2013 protivnika re\u017eima (poput grupacije intelektualaca \u201e<em>ProGlas<\/em>\u201c ili poznatih javnih radnika- protivnika re\u017eima i sl) imalo je za posledicu dodatno mrvljenje antire\u017eimske scene, stvaranje konfuzije kod opozicionog gra\u0111anstva, kao i odre\u0111ene negativne reakcije unutar opozicionih stranaka i NVO u odnosu na studente.<\/p>\n\n\n\n<p>Pozivi na izbore, koji su studenti objavili vrlo kasno u odnosu na trajanje procesa protesta (\u201e\u0161pic\u201c protesta je iz sada\u0161nje perspektive predstavljao skup u Beogradu 15,marta, koji je pro\u0161ao bez ikakavih dodatnih sadr\u017einskih zahteva &#8211; zahtev za vanredne izbore postavljen je tek mesec i po dana kasnije) dodatno je uneo konfuziju i razli\u010dite reakcije na opozicionoj sceni. Naime, studenti su eksplicitno najavili formiranje sopstvene izborne liste iz koje su unapred isklju\u010deni visoki predstavnici opozicionih stranaka, isto kao i predstavnici re\u017eima. Treba napomenuti da ovaj \u201ena\u010delni\u201c pristup nije primenjen u gore pomenutim lokalnim kampanjama, poput izbora u Kosjeri\u0107u, gde je jedinstvena lista opozicije dobila eksplicitnu podr\u0161ku studenata koji su poreklom iz tog kraja, \u0161to se pokazalo kao uspe\u0161an recept.<\/p>\n\n\n\n<p>Neke od opozicionih stranaka su unapred ponudile bezuslovnu podr\u0161ku studentima u pripremi izbora (Demokratska stranka), \u0161to podrazumeva i odricanje od direktnog u\u010de\u0161\u0107a tih stranaka u budu\u0107im izborima (osim kao podr\u0161ka studentskoj listi). Me\u0111utim, dobar deo stranaka je izneo odre\u0111ene rezerve pred zahtevom da se unapred \u201esamoukinu\u201c, tj. u potpunosti povuku i podr\u017ee studentsku listu, iako bez jasnog izbornog dogovora. Pojedine stranke opozicije (Novi DSS) su eksplicitno kritkovale i odbacile studentski pristup kao \u201enerealan\u201c.<\/p>\n\n\n\n<p>Imaju\u0107i u vidu da najavljena studentska lista jo\u0161 nije usagla\u0161ena niti objavljena (o\u010dekuje se da \u0107e na nju biti uklju\u010deni ve\u0107inom profesori univerziteta, ali i druge javne li\u010dnosti) te\u0161ko je predvideti dalju dinamiku odnosa izme\u0111u studentskih predstavnika i kandidata, s jedne strane, i opozicionih stranaka, s druge strane.<\/p>\n\n\n\n<p>Ipak, \u0161ira opoziciona javnost, odnosno gra\u0111anstvo, saglasna je u zahtevima za jedinstvo, usagla\u0161en nastup i zajedni\u010dku borbu svih protiv re\u017eima.<\/p>\n\n\n\n<p>Nastavlja se&#8230;<\/p>\n\n\n\n<p><strong>Autor teksta: \u010dlan stru\u010dnog savjeta Foruma za evropski Balkan, profesor dr Du\u0161ko Lopandi\u0107<\/strong><\/p>\n","protected":false},"excerpt":{"rendered":"<p>Tokom poslednjih nekoliko meseci, glavne ulice srpske prestonice su dobile izgled \u201enove normalnosti\u201c koja vlada u Srbiji obuzetoj politi\u010dkom krizom. U prostoru izme\u0111u predsedni\u0161tva i Trga Nikole Pa\u0161i\u0107a brojni \u0161atori predstavljaju neku vrstu logora predsednikovih \u201elojalista\u201c me\u0111u kojima je i nekoliko \u201estudenata koji \u017eele da u\u010de\u201c i koji blokiraju prolaz ispred Narodne sku\u0161p\u0161tine. S druge&#8230;<\/p>\n","protected":false},"author":2,"featured_media":3081,"comment_status":"closed","ping_status":"open","sticky":false,"template":"","format":"standard","meta":{"footnotes":""},"categories":[2],"tags":[],"class_list":["post-3078","post","type-post","status-publish","format-standard","has-post-thumbnail","hentry","category-analize"],"_links":{"self":[{"href":"https:\/\/feb.si\/me\/wp-json\/wp\/v2\/posts\/3078"}],"collection":[{"href":"https:\/\/feb.si\/me\/wp-json\/wp\/v2\/posts"}],"about":[{"href":"https:\/\/feb.si\/me\/wp-json\/wp\/v2\/types\/post"}],"author":[{"embeddable":true,"href":"https:\/\/feb.si\/me\/wp-json\/wp\/v2\/users\/2"}],"replies":[{"embeddable":true,"href":"https:\/\/feb.si\/me\/wp-json\/wp\/v2\/comments?post=3078"}],"version-history":[{"count":9,"href":"https:\/\/feb.si\/me\/wp-json\/wp\/v2\/posts\/3078\/revisions"}],"predecessor-version":[{"id":3098,"href":"https:\/\/feb.si\/me\/wp-json\/wp\/v2\/posts\/3078\/revisions\/3098"}],"wp:featuredmedia":[{"embeddable":true,"href":"https:\/\/feb.si\/me\/wp-json\/wp\/v2\/media\/3081"}],"wp:attachment":[{"href":"https:\/\/feb.si\/me\/wp-json\/wp\/v2\/media?parent=3078"}],"wp:term":[{"taxonomy":"category","embeddable":true,"href":"https:\/\/feb.si\/me\/wp-json\/wp\/v2\/categories?post=3078"},{"taxonomy":"post_tag","embeddable":true,"href":"https:\/\/feb.si\/me\/wp-json\/wp\/v2\/tags?post=3078"}],"curies":[{"name":"wp","href":"https:\/\/api.w.org\/{rel}","templated":true}]}}