{"id":3111,"date":"2025-08-01T13:30:08","date_gmt":"2025-08-01T13:30:08","guid":{"rendered":"https:\/\/feb.si\/me\/?p=3111"},"modified":"2025-08-01T13:39:32","modified_gmt":"2025-08-01T13:39:32","slug":"bih-prizivno-sodisce-potrdilo-obsodbo-dodika-obsojen-je-na-leto-dni-zapora","status":"publish","type":"post","link":"https:\/\/feb.si\/me\/blog\/2025\/08\/01\/bih-prizivno-sodisce-potrdilo-obsodbo-dodika-obsojen-je-na-leto-dni-zapora\/","title":{"rendered":"Vi\u0161i sud Bosne i Hercegovine potvrdio prvostepenu presudu protiv predsjednika Republike Srpske"},"content":{"rendered":"\n\n\n<p>Prizivni sud u Bosni i Hercegovini potvrdio je presudu predsjedniku Republike Srpske, Miloradu Dodiku, zbog nepo\u0161tivanja odluka visokog predstavnika me\u0111unarodne zajednice u BiH, Christiana Schmidta.<\/p>\n\n\n\n<p>Sud BiH je 26. februara presudio da je Dodik kriv za nepo\u0161tivanje odluka visokog predstavnika Schmidta, te mu izrekao kaznu od jedne godine zatvora i zabranu politi\u010dkog djelovanja u trajanju od \u0161est godina.<\/p>\n\n\n\n<p>Dodik je optu\u017een jer je 7. jula 2023. godine potpisao dva zakona kojima se u Republici Srpskoj propisuje da se ne provode odluke visokog predstavnika i Ustavnog suda BiH.<\/p>\n\n\n\n<p>Na ovu dana\u0161nju odluku nema prava \u017ealbe, navodi hrvatska novinska agencija HINA.<\/p>\n","protected":false},"excerpt":{"rendered":"<p>Prizivni sud u Bosni i Hercegovini potvrdio je presudu predsjedniku Republike Srpske, Miloradu Dodiku, zbog nepo\u0161tivanja odluka visokog predstavnika me\u0111unarodne zajednice u BiH, Christiana Schmidta. Sud BiH je 26. februara presudio da je Dodik kriv za nepo\u0161tivanje odluka visokog predstavnika Schmidta, te mu izrekao kaznu od jedne godine zatvora i zabranu politi\u010dkog djelovanja u trajanju&#8230;<\/p>\n","protected":false},"author":2,"featured_media":0,"comment_status":"closed","ping_status":"open","sticky":false,"template":"","format":"standard","meta":{"footnotes":""},"categories":[3],"tags":[],"class_list":["post-3111","post","type-post","status-publish","format-standard","hentry","category-aktuelno"],"_links":{"self":[{"href":"https:\/\/feb.si\/me\/wp-json\/wp\/v2\/posts\/3111"}],"collection":[{"href":"https:\/\/feb.si\/me\/wp-json\/wp\/v2\/posts"}],"about":[{"href":"https:\/\/feb.si\/me\/wp-json\/wp\/v2\/types\/post"}],"author":[{"embeddable":true,"href":"https:\/\/feb.si\/me\/wp-json\/wp\/v2\/users\/2"}],"replies":[{"embeddable":true,"href":"https:\/\/feb.si\/me\/wp-json\/wp\/v2\/comments?post=3111"}],"version-history":[{"count":2,"href":"https:\/\/feb.si\/me\/wp-json\/wp\/v2\/posts\/3111\/revisions"}],"predecessor-version":[{"id":3115,"href":"https:\/\/feb.si\/me\/wp-json\/wp\/v2\/posts\/3111\/revisions\/3115"}],"wp:attachment":[{"href":"https:\/\/feb.si\/me\/wp-json\/wp\/v2\/media?parent=3111"}],"wp:term":[{"taxonomy":"category","embeddable":true,"href":"https:\/\/feb.si\/me\/wp-json\/wp\/v2\/categories?post=3111"},{"taxonomy":"post_tag","embeddable":true,"href":"https:\/\/feb.si\/me\/wp-json\/wp\/v2\/tags?post=3111"}],"curies":[{"name":"wp","href":"https:\/\/api.w.org\/{rel}","templated":true}]}}