{"id":3120,"date":"2025-09-01T07:53:42","date_gmt":"2025-09-01T07:53:42","guid":{"rendered":"https:\/\/feb.si\/me\/?p=3120"},"modified":"2025-09-01T07:54:49","modified_gmt":"2025-09-01T07:54:49","slug":"pocinje-20-bledski-strateski-forum","status":"publish","type":"post","link":"https:\/\/feb.si\/me\/blog\/2025\/09\/01\/pocinje-20-bledski-strateski-forum\/","title":{"rendered":"Po\u010dinje 20. Bledski strate\u0161ki forum"},"content":{"rendered":"\n\n\n<p>Me\u0111u oko dvije hiljade u\u010desnika bi\u0107e prisutna \u010detiri predsjednika dr\u017eava, \u010detiri premijera, 14 ministara vanjskih poslova, kao i prva dama evropske spoljne politike Kaja Kallas i predsjednik Evropskog savjeta Antonio Costa. Upravo je Costa, jedan od klju\u010dnih sagovornika kada je rije\u010d o integraciji zemalja Zapadnog Balkana u Evropsku uniju.<\/p>\n\n\n\n<p>\u201e<em>Zapadni Balkan je, ako ho\u0107ete, glavna meta ove konferencije<\/em>,\u201c rekao je premijer Slovenije Robert Golob.<\/p>\n\n\n\n<p>Slovena\u010dki premijer je dodao da su namjerno pozvali premijere samo dvije zemlje koje aktivno kora\u010daju evropskim putem. \u201e<em>U ovom slu\u010daju, premijera Republike Albanije i Republike Crne Gore. Namjerno smo se ograni\u010dili na ove dvije kandidatkinje jer \u017eelimo poslati jasnu poruku: pristupanje \u0107e najprije biti mogu\u0107e za one koji ozbiljno sprovode reforme.<\/em>\u201c<\/p>\n\n\n\n<p>\u201e<em>Ove dvije zemlje imaju najvi\u0161e \u0161ansi da u narednim godinama zaista postanu \u010dlanice Evropske unije, odnosno da ispune obe\u0107anje koje je prije dvije godine dao biv\u0161i predsjednik Evropskog savjeta, a ti\u010de se pro\u0161irenja EU do 2030. godine. Ove godine na forumu o\u010dekujemo konkretizaciju tog obe\u0107anja<\/em>,\u201c izjavio je generalni sekretar Bledskog strate\u0161kog foruma Peter Grk.<\/p>\n\n\n\n<p>Izvor: MMC<\/p>\n","protected":false},"excerpt":{"rendered":"<p>Me\u0111u oko dvije hiljade u\u010desnika bi\u0107e prisutna \u010detiri predsjednika dr\u017eava, \u010detiri premijera, 14 ministara vanjskih poslova, kao i prva dama evropske spoljne politike Kaja Kallas i predsjednik Evropskog savjeta Antonio Costa. Upravo je Costa, jedan od klju\u010dnih sagovornika kada je rije\u010d o integraciji zemalja Zapadnog Balkana u Evropsku uniju. \u201eZapadni Balkan je, ako ho\u0107ete, glavna&#8230;<\/p>\n","protected":false},"author":2,"featured_media":0,"comment_status":"closed","ping_status":"open","sticky":false,"template":"","format":"standard","meta":{"footnotes":""},"categories":[3],"tags":[],"class_list":["post-3120","post","type-post","status-publish","format-standard","hentry","category-aktuelno"],"_links":{"self":[{"href":"https:\/\/feb.si\/me\/wp-json\/wp\/v2\/posts\/3120"}],"collection":[{"href":"https:\/\/feb.si\/me\/wp-json\/wp\/v2\/posts"}],"about":[{"href":"https:\/\/feb.si\/me\/wp-json\/wp\/v2\/types\/post"}],"author":[{"embeddable":true,"href":"https:\/\/feb.si\/me\/wp-json\/wp\/v2\/users\/2"}],"replies":[{"embeddable":true,"href":"https:\/\/feb.si\/me\/wp-json\/wp\/v2\/comments?post=3120"}],"version-history":[{"count":3,"href":"https:\/\/feb.si\/me\/wp-json\/wp\/v2\/posts\/3120\/revisions"}],"predecessor-version":[{"id":3124,"href":"https:\/\/feb.si\/me\/wp-json\/wp\/v2\/posts\/3120\/revisions\/3124"}],"wp:attachment":[{"href":"https:\/\/feb.si\/me\/wp-json\/wp\/v2\/media?parent=3120"}],"wp:term":[{"taxonomy":"category","embeddable":true,"href":"https:\/\/feb.si\/me\/wp-json\/wp\/v2\/categories?post=3120"},{"taxonomy":"post_tag","embeddable":true,"href":"https:\/\/feb.si\/me\/wp-json\/wp\/v2\/tags?post=3120"}],"curies":[{"name":"wp","href":"https:\/\/api.w.org\/{rel}","templated":true}]}}