{"id":3140,"date":"2025-10-07T07:46:56","date_gmt":"2025-10-07T07:46:56","guid":{"rendered":"https:\/\/feb.si\/me\/?p=3140"},"modified":"2025-10-07T07:46:56","modified_gmt":"2025-10-07T07:46:56","slug":"pirc-musar-bez-istinskog-dijaloga-nece-biti-pravog-napretka","status":"publish","type":"post","link":"https:\/\/feb.si\/me\/blog\/2025\/10\/07\/pirc-musar-bez-istinskog-dijaloga-nece-biti-pravog-napretka\/","title":{"rendered":"Pirc Musar: Bez istinskog dijaloga ne\u0107e biti pravog napretka"},"content":{"rendered":"\n\n\n<p>Vrh inicijative ugostila je predsjednica Republike <strong>Nata\u0161a Pirc Musar<\/strong> zajedno sa albanskim predsjednikom <strong>Bajramom Begajem<\/strong> i hrvatskim predsjednikom <strong>Zoranom Milanovi\u0107em<\/strong>. Skupu su prisustvovali lideri svih dr\u017eava Zapadnog Balkana.<br>Ovogodi\u0161nji sastanak odr\u017ean je pod motom <strong>\u201eZajedni\u010dki interesi, zajedni\u010dka posve\u0107enost zajedni\u010dkoj budu\u0107nosti: zajedno naprijed ka EU\u201c<\/strong>, koji, prema rije\u010dima predsjednice, ne bi smio biti samo simboli\u010dan; kako o budu\u0107nosti, tako bi trebalo govoriti i o pro\u0161losti.<\/p>\n\n\n\n<p>\u201eDr\u017eave regiona grade prostor dijaloga, povjerenja i saradnje \u010dak i onda kada se \u010dini da su razlike me\u0111u nama zaista velike\u201c, izjavila je i istakla da \u201ebez istinskog dijaloga, bez rje\u0161avanja otvorenih pitanja i bez pomirenja, \u0161to je mo\u017eda najte\u017ei izazov na na\u0161em prostoru, ne\u0107e biti pravog napretka.\u201c<\/p>\n\n\n\n<p>Evropska perspektiva Zapadnog Balkana, prema uvjerenju Pirc Musar, predstavlja najsna\u017enije geopoliti\u010dko oru\u0111e za obezbje\u0111ivanje stabilnosti, mira i bezbjednosti. Naglasila je da proces pro\u0161irenja EU mora biti br\u017ei, ali bez sni\u017eavanja standarda, te dr\u017eavama Zapadnog Balkana obe\u0107ala dalju podr\u0161ku.<\/p>\n\n\n\n<p>\u201eSlovenija podr\u017eava nastavak koraka u procesu pro\u0161irenja&#8230; Istovremeno, od kandidata o\u010dekujemo napredak u reformama, posebno u oblasti vladavine prava, dobrog upravljanja i ljudskih prava\u201c, rekla je, dodaju\u0107i da i sama EU mora obaviti svoj dio posla.<\/p>\n\n\n\n<p><strong>Begaj<\/strong> je ocijenio da je inicijativa <strong>Brdo\u2013Brioni<\/strong> klju\u010dni mehanizam za ja\u010danje dijaloga, dobrosusjedskih odnosa i pribli\u017eavanje EU. Zna\u010daj dijaloga koji se odvija na samitu Brdo\u2013Brioni danas je naglasio i hrvatski predsjednik.<\/p>\n\n\n\n<p>\u201eNe\u0107emo donositi velike odluke, ne\u0107emo pokretati nove inicijative, ne\u0107emo donijeti novac \u2013 u ovom formatu to nije mogu\u0107e. Ali mo\u017eemo razgovarati i razmjenjivati iskustva, te uo\u010davati s kakvim se izazovima suo\u010dava EU, a njih je zaista mnogo\u201c, rekao je Milanovi\u0107, najavljuju\u0107i da \u0107e naredni samit biti odr\u017ean sljede\u0107e godine u Hrvatskoj.<\/p>\n","protected":false},"excerpt":{"rendered":"<p>Vrh inicijative ugostila je predsjednica Republike Nata\u0161a Pirc Musar zajedno sa albanskim predsjednikom Bajramom Begajem i hrvatskim predsjednikom Zoranom Milanovi\u0107em. Skupu su prisustvovali lideri svih dr\u017eava Zapadnog Balkana.Ovogodi\u0161nji sastanak odr\u017ean je pod motom \u201eZajedni\u010dki interesi, zajedni\u010dka posve\u0107enost zajedni\u010dkoj budu\u0107nosti: zajedno naprijed ka EU\u201c, koji, prema rije\u010dima predsjednice, ne bi smio biti samo simboli\u010dan; kako o&#8230;<\/p>\n","protected":false},"author":2,"featured_media":0,"comment_status":"closed","ping_status":"open","sticky":false,"template":"","format":"standard","meta":{"footnotes":""},"categories":[3],"tags":[],"class_list":["post-3140","post","type-post","status-publish","format-standard","hentry","category-aktuelno"],"_links":{"self":[{"href":"https:\/\/feb.si\/me\/wp-json\/wp\/v2\/posts\/3140"}],"collection":[{"href":"https:\/\/feb.si\/me\/wp-json\/wp\/v2\/posts"}],"about":[{"href":"https:\/\/feb.si\/me\/wp-json\/wp\/v2\/types\/post"}],"author":[{"embeddable":true,"href":"https:\/\/feb.si\/me\/wp-json\/wp\/v2\/users\/2"}],"replies":[{"embeddable":true,"href":"https:\/\/feb.si\/me\/wp-json\/wp\/v2\/comments?post=3140"}],"version-history":[{"count":1,"href":"https:\/\/feb.si\/me\/wp-json\/wp\/v2\/posts\/3140\/revisions"}],"predecessor-version":[{"id":3142,"href":"https:\/\/feb.si\/me\/wp-json\/wp\/v2\/posts\/3140\/revisions\/3142"}],"wp:attachment":[{"href":"https:\/\/feb.si\/me\/wp-json\/wp\/v2\/media?parent=3140"}],"wp:term":[{"taxonomy":"category","embeddable":true,"href":"https:\/\/feb.si\/me\/wp-json\/wp\/v2\/categories?post=3140"},{"taxonomy":"post_tag","embeddable":true,"href":"https:\/\/feb.si\/me\/wp-json\/wp\/v2\/tags?post=3140"}],"curies":[{"name":"wp","href":"https:\/\/api.w.org\/{rel}","templated":true}]}}