{"id":3179,"date":"2025-11-20T09:43:24","date_gmt":"2025-11-20T09:43:24","guid":{"rendered":"https:\/\/feb.si\/me\/?p=3179"},"modified":"2026-02-10T10:23:52","modified_gmt":"2026-02-10T10:23:52","slug":"i","status":"publish","type":"post","link":"https:\/\/feb.si\/me\/blog\/2025\/11\/20\/i\/","title":{"rendered":"Republika Srpska: Izbori prije izbora"},"content":{"rendered":"\n<p>Samo nekoliko dana preostalo je do vanrednih izbora za Predsjednika Republike Srpske, zakazanih za 23. novembar 2025.&nbsp; Osim po zanimljivom i specifi\u010dnom razlogu za prijevremeni izbor Predsjednika RS \u2013 dosada\u0161nji Predsjednik Milorad Dodik je odlukom Suda BiH pored izre\u010dene zatvorske kazne od jedne godine (\u0161to je ve\u0107 otkupio nov\u010danom naknadom) smijenjen sa te du\u017enosti, uz izre\u010denu sudku mjeru zabrane politi\u010dkog djelovanja u trajanju \u0161est godina \u2013 predstoje\u0107i izbori obilje\u017eeni su i nizom drugih zanimljivih de\u0161avanja i pojava koji mo\u017eda i nisu slu\u010dajni koliko nisu ni iznena\u0111uju\u0107i.<\/p>\n\n\n\n<p>Izborna kampanja nekoliko kandidata (njih pet) do sada je imala javni efekat samo u markiranju dva favorita, Sini\u0161e Karana (SNSD Milorada Dodika) i Branka Blanu\u0161e (Srpska demokratska stranka SDS) a nihov programski koncept&nbsp; sveden je samo na Karanovu odanost Dodiku ili Blanu\u0161in stav da Dodik treba da ode sa politi\u010dke scene. O bilo \u010demu drugom, npr. o viziji ekonomske, socijalne i demografske projekcije ili o evro-integracijama javnost od kandidata nije \u010dula gotovo ni\u0161ta.<\/p>\n\n\n\n<p>Tok kampanje bio je mirniji nego ikada, tek sa povremenim eskalacijama vrelih izjava o kandidatima iz tabora oba pretendenta na predsjedni\u010dku kancelariju, sa intenzitetom manjim od mlakog, pa je i javnost u velikoj mjeri nedovoljno ili nikako obavije\u0161tena, ali i prili\u010dno ravnodu\u0161na ili nezainteresovana, pa \u010dak i uvjerena da ovi izbori i nemaju naro\u010dit zna\u010daj.<\/p>\n\n\n\n<p>Pitanje&nbsp; kom se posve\u0107uje pa\u017enja u debatama u javnosti je da li se ovim izborima u stvari bira <em>novi stari predsjednik <\/em>ili <em>novi da otjera starog predsjednika?<\/em><\/p>\n\n\n\n<p>Kampanju Sini\u0161e Karana vodi uhodan i u izbornoj tehnologiji \u201eiskusan\u201c tim Dodikove strukture i na raspolaganju mu je sva ma\u0161inerija i terenski ogranci te masivne stranke. Ni Karan ni Dodik u javnim obra\u0107anjima ne kriju da je Sini\u0161a Karan izabranik Dodika sa sudbinom i ulogom \u010duvara potpisa Milorada Dodika do redovnih op\u0161tih izbora u oktobru 2026. godine, \u0161to bi mu bilo jedina \u201epredsjedni\u010dka\u201c du\u017enost i delegirano ovla\u0161tenje. Predizborni bilbord g. Karana iza kog stoje Dodik i \u017deljka Cvijanovi\u0107 kao \u201e\u010duvari Republike Srpske\u201c komentarisan je i kao realna slika Karana kao Predsjednika, ali i kao njegova autodegradacija ili odraz nedovoljnog autoriteta ili bar prepoznatljivosti u javnosti.<\/p>\n\n\n<div class=\"wp-block-image\">\n<figure class=\"alignleft size-full is-resized\"><img loading=\"lazy\" decoding=\"async\" width=\"638\" height=\"359\" src=\"https:\/\/feb.si\/me\/wp-content\/uploads\/sites\/2\/2025\/11\/thumbs_b_c_9ebbf439c64a10507764ac8fc6d0635e-2.jpg\" alt=\"\" class=\"wp-image-3185\" style=\"width:489px;height:auto\" srcset=\"https:\/\/feb.si\/me\/wp-content\/uploads\/sites\/2\/2025\/11\/thumbs_b_c_9ebbf439c64a10507764ac8fc6d0635e-2.jpg 638w, https:\/\/feb.si\/me\/wp-content\/uploads\/sites\/2\/2025\/11\/thumbs_b_c_9ebbf439c64a10507764ac8fc6d0635e-2-300x169.jpg 300w\" sizes=\"(max-width: 638px) 100vw, 638px\" \/><figcaption class=\"wp-element-caption\">Branko Blanu\u0161a, kandidat za novog predsjednika Republike Srpske<\/figcaption><\/figure><\/div>\n\n\n<p>Branko Blanu\u0161a, iako \u0161iroj javnosti manje poznat, u krugovima koji ga poznaju slovi za uglednog profesora bez mrlja u politi\u010dkoj pro\u0161losti. Bez iskustva na javnoj i politi\u010dkoj sceni u kapacitetu nosioca najvi\u0161ih dr\u017eavnih du\u017enosti, predstavlja nepoznanicu i ostavlja prostor za skepticizam i nedoumice. Po\u0161tuje se njegova odluka da se kandiduje za Predsjednika Republike Srpske u najslo\u017eenijim trenucima&nbsp; na period od samo jedne godine i da se suprotstavi uhodanom i nemilosrdnom Dodikovom estabi\u0161mentu. Podr\u0161ka nedosljednog, podijeljenog i nekonzistentnog opozicionog bloka Blanu\u0161i je neujedna\u010dena i neintenzivna, svodi se uglavnom&nbsp; na napade na Dodika znatno vi\u0161e nego na poentiranje kvalifikacija i sposobnosti g. Blanu\u0161e.<\/p>\n\n\n\n<p>Javnosti se izbor Sini\u0161e Karana neskriveno predstavlja kao referendumsko&nbsp; pitanje \u201e<em>da li ste za Dodika ili ne.\u201c<\/em><\/p>\n\n\n\n<p>Realno posmatrano, pobjeda Branka Blanu\u0161e i njegov izbor za Predsjednika Republike Srpske ipak bi imali velik zna\u010daj i posljedice.<\/p>\n\n\n\n<p>Simboli\u010dki, njegova pobjeda bila bi vi\u0111ena kao ozbiljan udarac Dodikovoj vlasti i po\u010detak kraja ere oko\u0161talog re\u017eima i nomenklature na svim nivoima. Takva situacija bi imala prvenstveno moralni zna\u010daj, a u stvarnosti bi g. Blanu\u0161a bio suo\u010den sa sada\u0161njom parlamentarnom strukturom i izvr\u0161nim vlastima, dakle efektivno limitiran u svakoj prakti\u010dnoj namjeri za promjene. Opozicija pola\u017ee o\u010dekivanja u uklanjanje Dodika sudskim odlukama i sa svih funkcija u njegovoj partiji (SNSD) \u0161to bi po njihovim nadanjima dovelo i do brzog uru\u0161avanja i neutralisanja mo\u0107i cjelokupne Dodikove strukture i establi\u0161menta.<\/p>\n\n\n\n<p>Dodik, me\u0111utim, i dalje postupa i pona\u0161a se kao predsjednik, ne samo Republike i partije, a namjera da tako i nastavi vi\u0161e je nego o\u010digledna, pa i javno izre\u010dena. Ukidanje sankcija SAD u javnosti predstavlja kao svoju snagu kojom je i Amerikancima \u201eotvorio o\u010di\u201c i najavljuje nove \u201evelike doga\u0111aje\u201c o kojima sem njega, za sada, izgleda niko nije obavije\u0161ten. Pogre\u0161no je potcijeniti njegovu energiju i borbenost, ili ste\u010deno ogromno iskustvo u tehnologiji vladanja i opstanka na vlasti, makar to bilo ve\u0107 dobro poznat&nbsp; populisti\u010dki model, na ovim prostorima uvijek jednako uspje\u0161an.<\/p>\n\n\n\n<p>Oprez u procjenama rezultata ovih izbora dominantno je baziran na odnosu javnosti \u2013 bira\u010da \u2013&nbsp; i njihovom stavu prema izborima kao doga\u0111anju, vi\u0161e nego prema kandidatima. Shvatanje da su ovo samo privremeni izbori, nametnuti od spoljnih aktera, a da \u201epravi izbori\u201c dolaze za dvanaestak mjeseci, u 2026. kada \u0107e se birati i Predsjednik i Parlament RS, formirati nova Vlada RS veoma bitno uti\u010de na stav bira\u010da i izlasnost na birali\u0161ta 23.11.2025.<\/p>\n\n\n\n<p>Letargi\u010dna konstanta da se ni\u0161ta ne\u0107e promijeniti i da su na sceni ponovo neke intrige i obra\u010duni politi\u010dkih tabora, zadr\u017ea\u0107e mnogo glasa\u010da u ku\u0107i.<\/p>\n\n\n\n<p>Hroni\u010dno klju\u010dni zna\u010daj za broj glasa\u010da bi\u0107e izlaznost u gradu Banjaluci, gdje ni u najboljem slu\u010daju ne treba ra\u010dunati na preveliko iznena\u0111enje masovnog izlaska na glasanje, iako je Banjaluka u nekoliko proteklih izbornih ciklusa glasala ve\u0107inom za opoziciju Dodiku. Tu je vjerovatno najve\u0107i problem&nbsp; koji optere\u0107uje prognoze u korist g. Blanu\u0161e. Stvarno iznena\u0111enje bilo bi izlazak i glasanje mladih ili ljudi iz akademske zajednice (koja je problem za sebe\u2026) ali i takva o\u010dekivanja se u ovom trenutku \u010dine prevelikim.<\/p>\n\n\n\n<p>Nisku izlaznost kompenzuju lojalni \u010dlanovi Dodikove partije koji \u0107e po direktivi iza\u0107i na izbore i glasati, koliko po osje\u0107aju \u201egra\u0111anske du\u017enosti\u201c toliko i po naredbi svojih autoriteta.<\/p>\n\n\n\n<p>Dodikova struktura ima znatno razvijeniju i ja\u010du terensku mre\u017eu i ljude u regijama Republike Srpske izvan&nbsp;&nbsp; Banjaluke, a njihova iskustva i osposobljenost za izborne \u201etehnologije\u201c svakako ne\u0107e i\u0107i u korist Branku Blanu\u0161i.<\/p>\n\n\n\n<p>Gora se ne trese, a da li \u0107e se roditi mi\u0161, pa da \u010dekamo veliki teren i pravi me\u010d na velike golove, zna\u0107e se ve\u0107 u nedjelju, 23.11.2025. uve\u010de.<\/p>\n","protected":false},"excerpt":{"rendered":"<p>Samo nekoliko dana preostalo je do vanrednih izbora za Predsjednika Republike Srpske, zakazanih za 23. novembar 2025.&nbsp; Osim po zanimljivom i specifi\u010dnom razlogu za prijevremeni izbor Predsjednika RS \u2013 dosada\u0161nji Predsjednik Milorad Dodik je odlukom Suda BiH pored izre\u010dene zatvorske kazne od jedne godine (\u0161to je ve\u0107 otkupio nov\u010danom naknadom) smijenjen sa te du\u017enosti, uz&#8230;<\/p>\n","protected":false},"author":2,"featured_media":3180,"comment_status":"closed","ping_status":"open","sticky":false,"template":"","format":"standard","meta":{"footnotes":""},"categories":[2],"tags":[],"class_list":["post-3179","post","type-post","status-publish","format-standard","has-post-thumbnail","hentry","category-analize"],"_links":{"self":[{"href":"https:\/\/feb.si\/me\/wp-json\/wp\/v2\/posts\/3179"}],"collection":[{"href":"https:\/\/feb.si\/me\/wp-json\/wp\/v2\/posts"}],"about":[{"href":"https:\/\/feb.si\/me\/wp-json\/wp\/v2\/types\/post"}],"author":[{"embeddable":true,"href":"https:\/\/feb.si\/me\/wp-json\/wp\/v2\/users\/2"}],"replies":[{"embeddable":true,"href":"https:\/\/feb.si\/me\/wp-json\/wp\/v2\/comments?post=3179"}],"version-history":[{"count":7,"href":"https:\/\/feb.si\/me\/wp-json\/wp\/v2\/posts\/3179\/revisions"}],"predecessor-version":[{"id":3244,"href":"https:\/\/feb.si\/me\/wp-json\/wp\/v2\/posts\/3179\/revisions\/3244"}],"wp:featuredmedia":[{"embeddable":true,"href":"https:\/\/feb.si\/me\/wp-json\/wp\/v2\/media\/3180"}],"wp:attachment":[{"href":"https:\/\/feb.si\/me\/wp-json\/wp\/v2\/media?parent=3179"}],"wp:term":[{"taxonomy":"category","embeddable":true,"href":"https:\/\/feb.si\/me\/wp-json\/wp\/v2\/categories?post=3179"},{"taxonomy":"post_tag","embeddable":true,"href":"https:\/\/feb.si\/me\/wp-json\/wp\/v2\/tags?post=3179"}],"curies":[{"name":"wp","href":"https:\/\/api.w.org\/{rel}","templated":true}]}}