{"id":3263,"date":"2026-02-12T08:51:12","date_gmt":"2026-02-12T08:51:12","guid":{"rendered":"https:\/\/feb.si\/me\/?p=3263"},"modified":"2026-02-12T08:51:57","modified_gmt":"2026-02-12T08:51:57","slug":"kosovo-sa-novom-vladom-kurti-ostaje-premijer","status":"publish","type":"post","link":"https:\/\/feb.si\/me\/blog\/2026\/02\/12\/kosovo-sa-novom-vladom-kurti-ostaje-premijer\/","title":{"rendered":"Kosovo sa novom vladom, Kurti ostaje premijer"},"content":{"rendered":"\n\n\n<p>Kosovski parlament je potvrdio novu vladu pod vo\u0111stvom dosada\u0161njeg premijera Albina Kurtija, \u010dime je nakon pribli\u017eno godinu dana okon\u010dan politi\u010dki zastoj u zemlji. Kurti se tokom predstavljanja programa vlade zalo\u017eio za ja\u010danje privrede Kosova i ulaganja u odbranu.<\/p>\n\n\n\n<p>Kosovska predsjednica Vjosa Osmani je u srijedu uve\u010de mandat za sastav vlade povjerila Kurtiju, a parlament je novu vladu ubrzo potom i potvrdio. Za novu vladu glasalo je 66 poslanika u parlamentu koji broji 120 \u010dlanova, prenosi hrvatska novinska agencija Hina.<\/p>\n\n\n\n<p>U obra\u0107anju poslanicima prije glasanja, Kurti je predstavio program vlade, u kojem se zalo\u017eio za ja\u010danje privrede i ulaganja u odbranu. \u201eTokom ovih godina bili smo, kao \u0161to smo svi vidjeli, neprestano izlo\u017eeni napadima i prijetnjama Srbije\u201c, rekao je tim povodom Kurti.<\/p>\n","protected":false},"excerpt":{"rendered":"<p>Kosovski parlament je potvrdio novu vladu pod vo\u0111stvom dosada\u0161njeg premijera Albina Kurtija, \u010dime je nakon pribli\u017eno godinu dana okon\u010dan politi\u010dki zastoj u zemlji. Kurti se tokom predstavljanja programa vlade zalo\u017eio za ja\u010danje privrede Kosova i ulaganja u odbranu. Kosovska predsjednica Vjosa Osmani je u srijedu uve\u010de mandat za sastav vlade povjerila Kurtiju, a parlament je&#8230;<\/p>\n","protected":false},"author":2,"featured_media":0,"comment_status":"closed","ping_status":"open","sticky":false,"template":"","format":"standard","meta":{"footnotes":""},"categories":[3],"tags":[],"class_list":["post-3263","post","type-post","status-publish","format-standard","hentry","category-aktuelno"],"_links":{"self":[{"href":"https:\/\/feb.si\/me\/wp-json\/wp\/v2\/posts\/3263"}],"collection":[{"href":"https:\/\/feb.si\/me\/wp-json\/wp\/v2\/posts"}],"about":[{"href":"https:\/\/feb.si\/me\/wp-json\/wp\/v2\/types\/post"}],"author":[{"embeddable":true,"href":"https:\/\/feb.si\/me\/wp-json\/wp\/v2\/users\/2"}],"replies":[{"embeddable":true,"href":"https:\/\/feb.si\/me\/wp-json\/wp\/v2\/comments?post=3263"}],"version-history":[{"count":2,"href":"https:\/\/feb.si\/me\/wp-json\/wp\/v2\/posts\/3263\/revisions"}],"predecessor-version":[{"id":3265,"href":"https:\/\/feb.si\/me\/wp-json\/wp\/v2\/posts\/3263\/revisions\/3265"}],"wp:attachment":[{"href":"https:\/\/feb.si\/me\/wp-json\/wp\/v2\/media?parent=3263"}],"wp:term":[{"taxonomy":"category","embeddable":true,"href":"https:\/\/feb.si\/me\/wp-json\/wp\/v2\/categories?post=3263"},{"taxonomy":"post_tag","embeddable":true,"href":"https:\/\/feb.si\/me\/wp-json\/wp\/v2\/tags?post=3263"}],"curies":[{"name":"wp","href":"https:\/\/api.w.org\/{rel}","templated":true}]}}