{"id":3316,"date":"2026-04-21T08:43:29","date_gmt":"2026-04-21T08:43:29","guid":{"rendered":"https:\/\/feb.si\/me\/?p=3316"},"modified":"2026-04-21T10:00:31","modified_gmt":"2026-04-21T10:00:31","slug":"kos-upozorava-balkanske-drzave-da-bi-mogle-izgubiti-700-miliona-eura-ako-ne-sprovedu-reforme","status":"publish","type":"post","link":"https:\/\/feb.si\/me\/blog\/2026\/04\/21\/kos-upozorava-balkanske-drzave-da-bi-mogle-izgubiti-700-miliona-eura-ako-ne-sprovedu-reforme\/","title":{"rendered":"Kos upozorava: balkanske dr\u017eave bi mogle izgubiti 700 miliona eura ako ne sprovedu reforme"},"content":{"rendered":"\n<p><em>Plan za period 2024\u201327 strogo je vezan za usvajanje reformi sa jasnim rokovima, upozorava Marta Kos.<\/em><\/p>\n\n\n\n<p>Evropska komesarka za pro\u0161irenje Marta Kos upozorila je zemlje Zapadnog Balkana da bi mogle ostati bez 700 miliona eura iz evropskog plana za ekonomski rast ako do juna, odnosno decembra ove godine, ne sprovedu potrebne reforme. Kako je u Briselu kazala Marta Kos na sjednici Odbora za vanjske poslove Evropskog parlamenta (Afet), EU preko tzv. planova rasta za dr\u017eave koje \u017eele da joj pristupe povezuje napredak u sprovo\u0111enju reformi sa investicijama i ekonomskim prilikama.<\/p>\n\n\n\n<p>Dok Ukrajina i Moldavija, koje imaju svaka svoj plan, dobro napreduju, napredak \u0161est dr\u017eava Zapadnog Balkana je \u201eznatno sporiji\u201c.<\/p>\n\n\n\n<p>\u201eZato sam pro\u0161le sedmice pisala vlastima da ubrzaju sprovo\u0111enje reformi, jer \u0107e u suprotnom njihovi gra\u0111ani biti uskra\u0107eni\u201c, kazala je.<\/p>\n\n\n\n<p>Pojasnila je da je plan za period 2024\u201327, vrijedan ukupno \u0161est milijardi eura, strogo vezan za sprovo\u0111enje reformi uz jasne rokove. \u201eAko reforme ne budu zavr\u0161ene do juna 2026, odnosno u slu\u010daju BiH do decembra 2026, region bi mogao trajno ostati bez 700 miliona eura\u201c, upozorila je.<\/p>\n\n\n\n<p>\u0160to se ti\u010de Srbije, navela je da Komisija trenutno razmatra da li i dalje ispunjava sve uslove za isplatu evropskih sredstava, uklju\u010duju\u0107i i plan rasta. U okviru toga joj je na raspolaganju jo\u0161 oko 1,5 od ukupno pribli\u017eno 1,6 milijardi eura.<\/p>\n\n\n\n<p>Od srpskih vlasti o\u010dekuje da u nedavno usvojenoj pravosudnoj reformi u potpunosti uva\u017ee preporuke Venecijanske komisije, pravnog savjetodavnog tijela pri Savjetu Evrope. Tako\u0111e moraju obezbijediti slobodu izra\u017eavanja, slobodu medija, kao i slobodne i fer izbore.<\/p>\n\n\n\n<p>RTV SLO\/STA<\/p>\n","protected":false},"excerpt":{"rendered":"<p>Plan za period 2024\u201327 strogo je vezan za usvajanje reformi sa jasnim rokovima, upozorava Marta Kos. Evropska komesarka za pro\u0161irenje Marta Kos upozorila je zemlje Zapadnog Balkana da bi mogle ostati bez 700 miliona eura iz evropskog plana za ekonomski rast ako do juna, odnosno decembra ove godine, ne sprovedu potrebne reforme. Kako je u&#8230;<\/p>\n","protected":false},"author":2,"featured_media":0,"comment_status":"closed","ping_status":"open","sticky":false,"template":"","format":"standard","meta":{"footnotes":""},"categories":[3],"tags":[],"class_list":["post-3316","post","type-post","status-publish","format-standard","hentry","category-aktuelno"],"_links":{"self":[{"href":"https:\/\/feb.si\/me\/wp-json\/wp\/v2\/posts\/3316"}],"collection":[{"href":"https:\/\/feb.si\/me\/wp-json\/wp\/v2\/posts"}],"about":[{"href":"https:\/\/feb.si\/me\/wp-json\/wp\/v2\/types\/post"}],"author":[{"embeddable":true,"href":"https:\/\/feb.si\/me\/wp-json\/wp\/v2\/users\/2"}],"replies":[{"embeddable":true,"href":"https:\/\/feb.si\/me\/wp-json\/wp\/v2\/comments?post=3316"}],"version-history":[{"count":3,"href":"https:\/\/feb.si\/me\/wp-json\/wp\/v2\/posts\/3316\/revisions"}],"predecessor-version":[{"id":3319,"href":"https:\/\/feb.si\/me\/wp-json\/wp\/v2\/posts\/3316\/revisions\/3319"}],"wp:attachment":[{"href":"https:\/\/feb.si\/me\/wp-json\/wp\/v2\/media?parent=3316"}],"wp:term":[{"taxonomy":"category","embeddable":true,"href":"https:\/\/feb.si\/me\/wp-json\/wp\/v2\/categories?post=3316"},{"taxonomy":"post_tag","embeddable":true,"href":"https:\/\/feb.si\/me\/wp-json\/wp\/v2\/tags?post=3316"}],"curies":[{"name":"wp","href":"https:\/\/api.w.org\/{rel}","templated":true}]}}