{"id":3322,"date":"2026-04-22T13:22:25","date_gmt":"2026-04-22T13:22:25","guid":{"rendered":"https:\/\/feb.si\/me\/?p=3322"},"modified":"2026-04-23T13:23:43","modified_gmt":"2026-04-23T13:23:43","slug":"eu-u-pripremi-pristupnog-ugovora-sa-crnom-gorom","status":"publish","type":"post","link":"https:\/\/feb.si\/me\/blog\/2026\/04\/22\/eu-u-pripremi-pristupnog-ugovora-sa-crnom-gorom\/","title":{"rendered":"EU u pripremi pristupnog ugovora sa Crnom Gorom"},"content":{"rendered":"\n<p>Dr\u017eave \u010dlanice EU-a podr\u017eale su uspostavljanje posebne radne grupe Savjeta EU-a koja \u0107e po\u010deti pripremu pristupnog ugovora sa Crnom Gorom, saop\u0161tilo je kiparsko predsjedni\u0161tvo Savjetom. Komesarka za pro\u0161irenje Marta Kos i predsjednik Evropskog savjeta Antonio Costa u svojim reakcijama odluku su ocijenili kao veliki korak na putu ka \u010dlanstvu Crne Gore u EU.<\/p>\n\n\n\n<p>Stalni predstavnici dr\u017eava \u010dlanica pri EU danas su u Briselu podr\u017eali uspostavljanje tzv. ad hoc radne grupe za pripremu nacrta ugovora o pristupanju Crne Gore.<\/p>\n\n\n\n<p>Crnogorska ministarka za evropske poslove Maida Gor\u010devi\u0107 u objavi na dru\u0161tvenoj mre\u017ei X ovu odluku je ocijenila kao istorijski trenutak. Po njenim rije\u010dima, formiranje ad hoc grupe nakon dugih godina \u010dekanja \u0161alje sna\u017enu politi\u010dku poruku da EU vjeruje u crnogorsku vladu da \u0107e do kraja godine zavr\u0161iti pristupne pregovore.<\/p>\n\n\n\n<p>Kos je u ponedjeljnoj raspravi sa evropskim poslanicima i poslanicama objasnila da \u0107e ugovor sa Podgoricom biti prvi pristupni ugovor nove generacije. Po njenim rije\u010dima, on \u0107e uklju\u010divati za\u0161titne mehanizme koji \u0107e sprije\u010diti da dr\u017eave nakon ulaska u EU nazaduju u oblasti vladavine prava, kao \u0161to se dogodilo u slu\u010daju Ma\u0111arske.<\/p>\n\n\n\n<p>Komesarka je u reakciji na dana\u0161nju odluku \u010dlanica EU na mre\u017ei X izme\u0111u ostalog napisala da ona predstavlja \u201eveliki korak na putu ka \u010dlanstvu u EU, jasno priznanje napretka Crne Gore i podsticaj za ubrzanje reformi\u201c.<\/p>\n\n\n\n<p>\u201e\u010cestitke Crnoj Gori \u2013 danas smo napravili veliki korak ka va\u0161em pristupanju EU\u201c, objavio je Costa na mre\u017ei X. Ocijenio je da je odluka o formiranju radne grupe za pripremu pristupnog ugovora klju\u010dna prekretnica. \u201ePrvi put od 2014. godine EU je po\u010deo odbrojavanje do sljede\u0107eg pro\u0161irenja\u201c, dodao je.<\/p>\n\n\n\n<p>Crna Gora, koja je pregovore po\u010dela 2012. godine i koja je me\u0111u svim kandidatima najbli\u017ea \u010dlanstvu, do sada je zatvorila 14 od ukupno 33 pregovara\u010dka poglavlja. Cilj crnogorskih vlasti je da dr\u017eava u EU u\u0111e do 2028. godine.<\/p>\n","protected":false},"excerpt":{"rendered":"<p>Dr\u017eave \u010dlanice EU-a podr\u017eale su uspostavljanje posebne radne grupe Savjeta EU-a koja \u0107e po\u010deti pripremu pristupnog ugovora sa Crnom Gorom, saop\u0161tilo je kiparsko predsjedni\u0161tvo Savjetom. Komesarka za pro\u0161irenje Marta Kos i predsjednik Evropskog savjeta Antonio Costa u svojim reakcijama odluku su ocijenili kao veliki korak na putu ka \u010dlanstvu Crne Gore u EU. Stalni predstavnici&#8230;<\/p>\n","protected":false},"author":2,"featured_media":0,"comment_status":"closed","ping_status":"open","sticky":false,"template":"","format":"standard","meta":{"footnotes":""},"categories":[3],"tags":[],"class_list":["post-3322","post","type-post","status-publish","format-standard","hentry","category-aktuelno"],"_links":{"self":[{"href":"https:\/\/feb.si\/me\/wp-json\/wp\/v2\/posts\/3322"}],"collection":[{"href":"https:\/\/feb.si\/me\/wp-json\/wp\/v2\/posts"}],"about":[{"href":"https:\/\/feb.si\/me\/wp-json\/wp\/v2\/types\/post"}],"author":[{"embeddable":true,"href":"https:\/\/feb.si\/me\/wp-json\/wp\/v2\/users\/2"}],"replies":[{"embeddable":true,"href":"https:\/\/feb.si\/me\/wp-json\/wp\/v2\/comments?post=3322"}],"version-history":[{"count":1,"href":"https:\/\/feb.si\/me\/wp-json\/wp\/v2\/posts\/3322\/revisions"}],"predecessor-version":[{"id":3323,"href":"https:\/\/feb.si\/me\/wp-json\/wp\/v2\/posts\/3322\/revisions\/3323"}],"wp:attachment":[{"href":"https:\/\/feb.si\/me\/wp-json\/wp\/v2\/media?parent=3322"}],"wp:term":[{"taxonomy":"category","embeddable":true,"href":"https:\/\/feb.si\/me\/wp-json\/wp\/v2\/categories?post=3322"},{"taxonomy":"post_tag","embeddable":true,"href":"https:\/\/feb.si\/me\/wp-json\/wp\/v2\/tags?post=3322"}],"curies":[{"name":"wp","href":"https:\/\/api.w.org\/{rel}","templated":true}]}}