{"id":501,"date":"2023-04-17T07:30:00","date_gmt":"2023-04-17T07:30:00","guid":{"rendered":"https:\/\/feb.si\/me\/?p=501"},"modified":"2023-05-10T07:43:11","modified_gmt":"2023-05-10T07:43:11","slug":"balkan-se-divi-putinu-zivi-pa-od-investicija-zapada","status":"publish","type":"post","link":"https:\/\/feb.si\/me\/blog\/2023\/04\/17\/balkan-se-divi-putinu-zivi-pa-od-investicija-zapada\/","title":{"rendered":"Balkan se divi Putinu, dok \u017eivi od investicija Zapada"},"content":{"rendered":"\n\n\n<p>&#8222;Rusija na razli\u010dite na\u010dine: politi\u010dki, ekonomski ili uz medijsku pomo\u0107, poku\u0161ava da sprije\u010di da zapadni balkanski prostor postane dio evroatlantskih integracija, po\u0161to bi samo razdijeljen region Moskvi omogu\u0107io da dalje valorizuje svoje interese na Balkanu&#8220;, rekao je u razgovoru za Al Jazeeru <strong>Thomas Brey<\/strong>, njema\u010dki doktor politi\u010dkih nauka i novinarstva, koji predaje na Univerzitetu u Duisburgu. Brey, koji ima dugogodi\u0161nje iskustvo s novinarskim izvje\u0161tavanjem s Balkana je nedavno objavio tekst o uticaju Rusije i ruskih medija na Balkanu. On smatra da Rusija najednostavnije mo\u017ee posti\u0107i svoje strate\u0161ke interese na Balkanu tako da oja\u010da tradicionalno prisutne suprotnosti i podupre sve istorijske sukobe.<\/p>\n","protected":false},"excerpt":{"rendered":"<p>&#8222;Rusija na razli\u010dite na\u010dine: politi\u010dki, ekonomski ili uz medijsku pomo\u0107, poku\u0161ava da sprije\u010di da zapadni balkanski prostor postane dio evroatlantskih integracija, po\u0161to bi samo razdijeljen region Moskvi omogu\u0107io da dalje valorizuje svoje interese na Balkanu&#8220;, rekao je u razgovoru za Al Jazeeru Thomas Brey, njema\u010dki doktor politi\u010dkih nauka i novinarstva, koji predaje na Univerzitetu u&#8230;<\/p>\n","protected":false},"author":2,"featured_media":0,"comment_status":"open","ping_status":"open","sticky":false,"template":"","format":"standard","meta":{"footnotes":""},"categories":[3],"tags":[],"class_list":["post-501","post","type-post","status-publish","format-standard","hentry","category-aktuelno"],"_links":{"self":[{"href":"https:\/\/feb.si\/me\/wp-json\/wp\/v2\/posts\/501"}],"collection":[{"href":"https:\/\/feb.si\/me\/wp-json\/wp\/v2\/posts"}],"about":[{"href":"https:\/\/feb.si\/me\/wp-json\/wp\/v2\/types\/post"}],"author":[{"embeddable":true,"href":"https:\/\/feb.si\/me\/wp-json\/wp\/v2\/users\/2"}],"replies":[{"embeddable":true,"href":"https:\/\/feb.si\/me\/wp-json\/wp\/v2\/comments?post=501"}],"version-history":[{"count":5,"href":"https:\/\/feb.si\/me\/wp-json\/wp\/v2\/posts\/501\/revisions"}],"predecessor-version":[{"id":506,"href":"https:\/\/feb.si\/me\/wp-json\/wp\/v2\/posts\/501\/revisions\/506"}],"wp:attachment":[{"href":"https:\/\/feb.si\/me\/wp-json\/wp\/v2\/media?parent=501"}],"wp:term":[{"taxonomy":"category","embeddable":true,"href":"https:\/\/feb.si\/me\/wp-json\/wp\/v2\/categories?post=501"},{"taxonomy":"post_tag","embeddable":true,"href":"https:\/\/feb.si\/me\/wp-json\/wp\/v2\/tags?post=501"}],"curies":[{"name":"wp","href":"https:\/\/api.w.org\/{rel}","templated":true}]}}