{"id":513,"date":"2023-04-16T09:42:03","date_gmt":"2023-04-16T09:42:03","guid":{"rendered":"https:\/\/feb.si\/me\/?p=513"},"modified":"2023-05-10T09:43:24","modified_gmt":"2023-05-10T09:43:24","slug":"milatovic-crnu-goru-vidi-u-otvorenom-balkanu","status":"publish","type":"post","link":"https:\/\/feb.si\/me\/blog\/2023\/04\/16\/milatovic-crnu-goru-vidi-u-otvorenom-balkanu\/","title":{"rendered":"Milatovi\u0107\u00a0Crnu\u00a0Goru\u00a0vidi\u00a0u otvorenom\u00a0Balkanu"},"content":{"rendered":"\n\n\n<p>Novoizabrani predsjednik Crne Gore Jakov Milatovi\u0107 rekao je kako smatra da Crna Gora treba da postane dio inicijative Otvoreni Balkan. Na pitanje treba li se regionalna integracija odvijati oko CEFTA-e, Berlinskog procesa ili u okviru inicijative srbijanskog predsjednika Aleksandra Vu\u010di\u0107a i albanskog premijera Edija Rame, Milatovi\u0107 je rekao kako je po njemu rije\u010d o paralelnim i komplementarnim procesima. Podsjetimo, Milatovi\u0107ev prethodnik Milo \u0110ukanovi\u0107 nije krio rezerve prema inicijativi, a Milatovi\u0107 je rekao da je svoju naklonost ovoj regionalnoj inicijativi transparentno pokazao jo\u0161 u predizbornoj kampanji. Prema njegovim rije\u010dima, istorijska podr\u0161ka gra\u0111ana daje mu legitimitet da govori o ovakvim regionalnim integracijskim inicijativama.<\/p>\n\n\n\n<p>Izvor: pobjeda.me<\/p>\n","protected":false},"excerpt":{"rendered":"<p>Novoizabrani predsjednik Crne Gore Jakov Milatovi\u0107 rekao je kako smatra da Crna Gora treba da postane dio inicijative Otvoreni Balkan. Na pitanje treba li se regionalna integracija odvijati oko CEFTA-e, Berlinskog procesa ili u okviru inicijative srbijanskog predsjednika Aleksandra Vu\u010di\u0107a i albanskog premijera Edija Rame, Milatovi\u0107 je rekao kako je po njemu rije\u010d o paralelnim&#8230;<\/p>\n","protected":false},"author":2,"featured_media":0,"comment_status":"open","ping_status":"open","sticky":false,"template":"","format":"standard","meta":{"footnotes":""},"categories":[3],"tags":[],"class_list":["post-513","post","type-post","status-publish","format-standard","hentry","category-aktuelno"],"_links":{"self":[{"href":"https:\/\/feb.si\/me\/wp-json\/wp\/v2\/posts\/513"}],"collection":[{"href":"https:\/\/feb.si\/me\/wp-json\/wp\/v2\/posts"}],"about":[{"href":"https:\/\/feb.si\/me\/wp-json\/wp\/v2\/types\/post"}],"author":[{"embeddable":true,"href":"https:\/\/feb.si\/me\/wp-json\/wp\/v2\/users\/2"}],"replies":[{"embeddable":true,"href":"https:\/\/feb.si\/me\/wp-json\/wp\/v2\/comments?post=513"}],"version-history":[{"count":1,"href":"https:\/\/feb.si\/me\/wp-json\/wp\/v2\/posts\/513\/revisions"}],"predecessor-version":[{"id":514,"href":"https:\/\/feb.si\/me\/wp-json\/wp\/v2\/posts\/513\/revisions\/514"}],"wp:attachment":[{"href":"https:\/\/feb.si\/me\/wp-json\/wp\/v2\/media?parent=513"}],"wp:term":[{"taxonomy":"category","embeddable":true,"href":"https:\/\/feb.si\/me\/wp-json\/wp\/v2\/categories?post=513"},{"taxonomy":"post_tag","embeddable":true,"href":"https:\/\/feb.si\/me\/wp-json\/wp\/v2\/tags?post=513"}],"curies":[{"name":"wp","href":"https:\/\/api.w.org\/{rel}","templated":true}]}}