{"id":576,"date":"2023-05-13T15:40:52","date_gmt":"2023-05-13T15:40:52","guid":{"rendered":"https:\/\/feb.si\/me\/?p=576"},"modified":"2023-05-13T15:40:52","modified_gmt":"2023-05-13T15:40:52","slug":"propao-pocetak-rasprave-o-kriminalizaciji-klevete","status":"publish","type":"post","link":"https:\/\/feb.si\/me\/blog\/2023\/05\/13\/propao-pocetak-rasprave-o-kriminalizaciji-klevete\/","title":{"rendered":"Propao po\u010detak rasprave o kriminalizaciji klevete"},"content":{"rendered":"\n\n\n<p>Po\u010dela je javna rasprava o prijedlogu Vlade Republike Srpske da se kleveta i uvreda uvrste u Kazneni zakon. Novinari koji rade u Bosni i Hercegovini i unutar nje u srpskom entitetu vi\u0161e su puta javno isticali da \u0107e ovakva izmjena zakonske regulative uveliko ote\u017eati novinarski rad i zna\u010dajno ugroziti slobodu govora. Poja\u0161njavaju da su standardi koji se odnose na klevetu i uvredu u prijedlogu novog zakona toliko \u0161iroko postavljeni i nedovoljno poja\u0161njeni da \u0107e suci na kraju biti prisiljeni tuma\u010diti definicije pojmova i na temelju njih donositi odluke. Novinari, koji u znak protesta nisu prijevremeno napustili raspravu, istaknuli su zabrinutost da bi novi zakon mogao zna\u010diti kraj ne samo medija, ve\u0107 i dru\u0161tvene misli kao takve.<\/p>\n\n\n\n<p>Izvor: N1<\/p>\n","protected":false},"excerpt":{"rendered":"<p>Po\u010dela je javna rasprava o prijedlogu Vlade Republike Srpske da se kleveta i uvreda uvrste u Kazneni zakon. Novinari koji rade u Bosni i Hercegovini i unutar nje u srpskom entitetu vi\u0161e su puta javno isticali da \u0107e ovakva izmjena zakonske regulative uveliko ote\u017eati novinarski rad i zna\u010dajno ugroziti slobodu govora. Poja\u0161njavaju da su standardi&#8230;<\/p>\n","protected":false},"author":2,"featured_media":0,"comment_status":"open","ping_status":"open","sticky":false,"template":"","format":"standard","meta":{"footnotes":""},"categories":[3],"tags":[],"class_list":["post-576","post","type-post","status-publish","format-standard","hentry","category-aktuelno"],"_links":{"self":[{"href":"https:\/\/feb.si\/me\/wp-json\/wp\/v2\/posts\/576"}],"collection":[{"href":"https:\/\/feb.si\/me\/wp-json\/wp\/v2\/posts"}],"about":[{"href":"https:\/\/feb.si\/me\/wp-json\/wp\/v2\/types\/post"}],"author":[{"embeddable":true,"href":"https:\/\/feb.si\/me\/wp-json\/wp\/v2\/users\/2"}],"replies":[{"embeddable":true,"href":"https:\/\/feb.si\/me\/wp-json\/wp\/v2\/comments?post=576"}],"version-history":[{"count":1,"href":"https:\/\/feb.si\/me\/wp-json\/wp\/v2\/posts\/576\/revisions"}],"predecessor-version":[{"id":577,"href":"https:\/\/feb.si\/me\/wp-json\/wp\/v2\/posts\/576\/revisions\/577"}],"wp:attachment":[{"href":"https:\/\/feb.si\/me\/wp-json\/wp\/v2\/media?parent=576"}],"wp:term":[{"taxonomy":"category","embeddable":true,"href":"https:\/\/feb.si\/me\/wp-json\/wp\/v2\/categories?post=576"},{"taxonomy":"post_tag","embeddable":true,"href":"https:\/\/feb.si\/me\/wp-json\/wp\/v2\/tags?post=576"}],"curies":[{"name":"wp","href":"https:\/\/api.w.org\/{rel}","templated":true}]}}