{"id":597,"date":"2023-05-20T13:21:00","date_gmt":"2023-05-20T13:21:00","guid":{"rendered":"https:\/\/feb.si\/me\/?p=597"},"modified":"2023-05-20T13:21:00","modified_gmt":"2023-05-20T13:21:00","slug":"umro-je-dzevad-karahasan","status":"publish","type":"post","link":"https:\/\/feb.si\/me\/blog\/2023\/05\/20\/umro-je-dzevad-karahasan\/","title":{"rendered":"Umro je D\u017eevad Karahasan"},"content":{"rendered":"\n\n\n<p>D\u017eevad Karahasan, bosanski pisac, esejista i filozof, umro je u 70-oj godini. Karahasan je za svoje spise dobio Herderovu nagradu i Geteovu medalju. Grad Frankfurt mu je 2020. dodijelio Goetheovu nagradu. Ro\u0111en u Duvnu 1953. godine, pisac je 1993. napustio tada opkoljeno Sarajevo i tri godine kasnije postao gradski funkcioner u austrijskom Grazu. U jednom od svojih brojnih intervjua, jedan od najva\u017enijih glasova Balkana u evropskoj knji\u017eevnosti kritikovao je kulturu dijaloga na Balkanu, gdje, prema njegovim re\u010dima, pogre\u0161no misli svako ko ne misli na isti na\u010din. &#8222;Kod nas nema polemike. To je razgovor u kojem dvoje ljudi poku\u0161avaju da otkriju istinu ili da joj se pribli\u017ee. Na Balkanu se polemika shvata kao mogu\u0107nost da se na ne\u0161to podvali sagovorniku, napravi budalu od njega i zavr\u0161avamo razgovor. Ne tra\u017eimo sagovornike, ve\u0107 pratioce\u201c, rekao je Karahasan u jednom od televizijskih intervjua.<\/p>\n\n\n\n<p>Vir: N1<br><\/p>\n","protected":false},"excerpt":{"rendered":"<p>D\u017eevad Karahasan, bosanski pisac, esejista i filozof, umro je u 70-oj godini. Karahasan je za svoje spise dobio Herderovu nagradu i Geteovu medalju. Grad Frankfurt mu je 2020. dodijelio Goetheovu nagradu. Ro\u0111en u Duvnu 1953. godine, pisac je 1993. napustio tada opkoljeno Sarajevo i tri godine kasnije postao gradski funkcioner u austrijskom Grazu. U jednom&#8230;<\/p>\n","protected":false},"author":2,"featured_media":0,"comment_status":"open","ping_status":"open","sticky":false,"template":"","format":"standard","meta":{"footnotes":""},"categories":[3],"tags":[],"class_list":["post-597","post","type-post","status-publish","format-standard","hentry","category-aktuelno"],"_links":{"self":[{"href":"https:\/\/feb.si\/me\/wp-json\/wp\/v2\/posts\/597"}],"collection":[{"href":"https:\/\/feb.si\/me\/wp-json\/wp\/v2\/posts"}],"about":[{"href":"https:\/\/feb.si\/me\/wp-json\/wp\/v2\/types\/post"}],"author":[{"embeddable":true,"href":"https:\/\/feb.si\/me\/wp-json\/wp\/v2\/users\/2"}],"replies":[{"embeddable":true,"href":"https:\/\/feb.si\/me\/wp-json\/wp\/v2\/comments?post=597"}],"version-history":[{"count":1,"href":"https:\/\/feb.si\/me\/wp-json\/wp\/v2\/posts\/597\/revisions"}],"predecessor-version":[{"id":598,"href":"https:\/\/feb.si\/me\/wp-json\/wp\/v2\/posts\/597\/revisions\/598"}],"wp:attachment":[{"href":"https:\/\/feb.si\/me\/wp-json\/wp\/v2\/media?parent=597"}],"wp:term":[{"taxonomy":"category","embeddable":true,"href":"https:\/\/feb.si\/me\/wp-json\/wp\/v2\/categories?post=597"},{"taxonomy":"post_tag","embeddable":true,"href":"https:\/\/feb.si\/me\/wp-json\/wp\/v2\/tags?post=597"}],"curies":[{"name":"wp","href":"https:\/\/api.w.org\/{rel}","templated":true}]}}