{"id":606,"date":"2023-05-23T08:45:17","date_gmt":"2023-05-23T08:45:17","guid":{"rendered":"https:\/\/feb.si\/me\/?p=606"},"modified":"2023-05-23T08:55:12","modified_gmt":"2023-05-23T08:55:12","slug":"slovenija-za-jacanje-sajber-bezbjednosti-na-zapadnem-balkanu","status":"publish","type":"post","link":"https:\/\/feb.si\/me\/blog\/2023\/05\/23\/slovenija-za-jacanje-sajber-bezbjednosti-na-zapadnem-balkanu\/","title":{"rendered":"Slovenija za ja\u010danje sajber bezbjednosti na Zapadnom Balkanu"},"content":{"rendered":"\n\n\n<p>Centar za sajber sposobnosti na Zapadnom Balkanu, u kojem u\u010destvuje i Slovenija, potpisao je deklaraciju o saradnji sa Me\u0111unarodnom telekomunikacijskom unijom (ITU). Oni su se obavezali na ja\u010danje kapaciteta u oblasti sajber bezbjednosti i uklju\u010divanje \u017eena u obezbje\u0111enje sajber sigurnosti na Zapadnom Balkanu.<br>Cilj projekta je promovisanje zastupljenosti i u\u010de\u0161\u0107a \u017eena u oblasti informacionih i komunikacionih tehnologija. <br>Zavr\u0161na konferencija obrazovnog programa u projektu Her CyberTracks bi\u0107e odr\u017eana na jesen u bliskoj saradnji sa WB3C i Univerzitetom Crne Gore u Podgorici. WB3C, sa sjedi\u0161tem u Podgorici, namijenjen je podr\u0161ci regionalnoj saradnji i, izme\u0111u ostalog, pru\u017ea obuku u oblasti sajber bezbjednosti i podsti\u010de i olak\u0161ava pribli\u017eavanje zemalja Zapadnog Balkana evropskim integracijama kroz saradnju sa dr\u017eavama \u010dlanicama EU.<\/p>\n\n\n\n<p>Izvor: STA<\/p>\n","protected":false},"excerpt":{"rendered":"<p>Centar za sajber sposobnosti na Zapadnom Balkanu, u kojem u\u010destvuje i Slovenija, potpisao je deklaraciju o saradnji sa Me\u0111unarodnom telekomunikacijskom unijom (ITU). Oni su se obavezali na ja\u010danje kapaciteta u oblasti sajber bezbjednosti i uklju\u010divanje \u017eena u obezbje\u0111enje sajber sigurnosti na Zapadnom Balkanu.Cilj projekta je promovisanje zastupljenosti i u\u010de\u0161\u0107a \u017eena u oblasti informacionih i komunikacionih&#8230;<\/p>\n","protected":false},"author":2,"featured_media":0,"comment_status":"open","ping_status":"open","sticky":false,"template":"","format":"standard","meta":{"footnotes":""},"categories":[3],"tags":[],"class_list":["post-606","post","type-post","status-publish","format-standard","hentry","category-aktuelno"],"_links":{"self":[{"href":"https:\/\/feb.si\/me\/wp-json\/wp\/v2\/posts\/606"}],"collection":[{"href":"https:\/\/feb.si\/me\/wp-json\/wp\/v2\/posts"}],"about":[{"href":"https:\/\/feb.si\/me\/wp-json\/wp\/v2\/types\/post"}],"author":[{"embeddable":true,"href":"https:\/\/feb.si\/me\/wp-json\/wp\/v2\/users\/2"}],"replies":[{"embeddable":true,"href":"https:\/\/feb.si\/me\/wp-json\/wp\/v2\/comments?post=606"}],"version-history":[{"count":2,"href":"https:\/\/feb.si\/me\/wp-json\/wp\/v2\/posts\/606\/revisions"}],"predecessor-version":[{"id":609,"href":"https:\/\/feb.si\/me\/wp-json\/wp\/v2\/posts\/606\/revisions\/609"}],"wp:attachment":[{"href":"https:\/\/feb.si\/me\/wp-json\/wp\/v2\/media?parent=606"}],"wp:term":[{"taxonomy":"category","embeddable":true,"href":"https:\/\/feb.si\/me\/wp-json\/wp\/v2\/categories?post=606"},{"taxonomy":"post_tag","embeddable":true,"href":"https:\/\/feb.si\/me\/wp-json\/wp\/v2\/tags?post=606"}],"curies":[{"name":"wp","href":"https:\/\/api.w.org\/{rel}","templated":true}]}}