{"id":647,"date":"2023-06-11T00:34:00","date_gmt":"2023-06-11T00:34:00","guid":{"rendered":"https:\/\/feb.si\/me\/?p=647"},"modified":"2023-06-12T08:39:20","modified_gmt":"2023-06-12T08:39:20","slug":"crna-gora-pokret-evropa-sada-pobjednik-parlamentarnih-izbora","status":"publish","type":"post","link":"https:\/\/feb.si\/me\/blog\/2023\/06\/11\/crna-gora-pokret-evropa-sada-pobjednik-parlamentarnih-izbora\/","title":{"rendered":"Crna Gora: Pokret Evropa sada, pobjednik parlamentarnih izbora"},"content":{"rendered":"\n\n\n<p>Tre\u0107i izbori za devet mjeseci o\u010digledno su umorili crnogorske bira\u010de,. Odziv bira\u010da dostigao je rekordnih skromnih 56,4 posto. Analiti\u010dari \u0107e narednih dana poku\u0161ati da saznaju da li je nezainteresovanost za izbore uzrokovana umorom Crnogoraca zasi\u0107enih politikom ili jednostavno nezadovoljstvom politikom.<\/p>\n\n\n\n<p>Prvi nezvani\u010dni rezultati nakon 55,5 posto prebrojanih glasova ukazuju na o\u010dekivanu pobjedu pokreta Europe sada. <em>Pokret Evropa sada<\/em> dobio je 25,5 posto, lista <em>Zajedno! &#8211; Za budu\u0107nost<\/em> koja vam pripada osvojila je 23,4 odsto, list &#8222;<em>Za budu\u0107nost Crne Gore<\/em>&#8220; 15,7, listu <em>&#8222;Aleksa i Dritan&#8220; i hrabro se ra\u010duna<\/em>, zauzela je \u010detvrto mesto sa 12,4 odsto podr\u0161ke.<\/p>\n\n\n\n<p>Prvi put od kraja vi\u0161e od 30-godi\u0161nje vladavine Mila \u0110ukanovi\u0107a i njegove Demokratske partije socijalista (DPS), ova partija nije imala ozbiljne \u0161anse da preuzme vlast. Demokratska socijalisti\u010dka partija osvojila je 21 mandat, odnosno 23,2 posto glasova.<\/p>\n","protected":false},"excerpt":{"rendered":"<p>Tre\u0107i izbori za devet mjeseci o\u010digledno su umorili crnogorske bira\u010de,. Odziv bira\u010da dostigao je rekordnih skromnih 56,4 posto. Analiti\u010dari \u0107e narednih dana poku\u0161ati da saznaju da li je nezainteresovanost za izbore uzrokovana umorom Crnogoraca zasi\u0107enih politikom ili jednostavno nezadovoljstvom politikom. Prvi nezvani\u010dni rezultati nakon 55,5 posto prebrojanih glasova ukazuju na o\u010dekivanu pobjedu pokreta Europe sada&#8230;.<\/p>\n","protected":false},"author":2,"featured_media":0,"comment_status":"open","ping_status":"open","sticky":false,"template":"","format":"standard","meta":{"footnotes":""},"categories":[3],"tags":[],"class_list":["post-647","post","type-post","status-publish","format-standard","hentry","category-aktuelno"],"_links":{"self":[{"href":"https:\/\/feb.si\/me\/wp-json\/wp\/v2\/posts\/647"}],"collection":[{"href":"https:\/\/feb.si\/me\/wp-json\/wp\/v2\/posts"}],"about":[{"href":"https:\/\/feb.si\/me\/wp-json\/wp\/v2\/types\/post"}],"author":[{"embeddable":true,"href":"https:\/\/feb.si\/me\/wp-json\/wp\/v2\/users\/2"}],"replies":[{"embeddable":true,"href":"https:\/\/feb.si\/me\/wp-json\/wp\/v2\/comments?post=647"}],"version-history":[{"count":1,"href":"https:\/\/feb.si\/me\/wp-json\/wp\/v2\/posts\/647\/revisions"}],"predecessor-version":[{"id":648,"href":"https:\/\/feb.si\/me\/wp-json\/wp\/v2\/posts\/647\/revisions\/648"}],"wp:attachment":[{"href":"https:\/\/feb.si\/me\/wp-json\/wp\/v2\/media?parent=647"}],"wp:term":[{"taxonomy":"category","embeddable":true,"href":"https:\/\/feb.si\/me\/wp-json\/wp\/v2\/categories?post=647"},{"taxonomy":"post_tag","embeddable":true,"href":"https:\/\/feb.si\/me\/wp-json\/wp\/v2\/tags?post=647"}],"curies":[{"name":"wp","href":"https:\/\/api.w.org\/{rel}","templated":true}]}}