{"id":745,"date":"2023-06-15T10:00:00","date_gmt":"2023-06-15T10:00:00","guid":{"rendered":"https:\/\/feb.si\/me\/?p=745"},"modified":"2023-06-15T13:31:16","modified_gmt":"2023-06-15T13:31:16","slug":"kosovo-je-zabranilo-ulazak-automobila-srpskih-registracija","status":"publish","type":"post","link":"https:\/\/feb.si\/me\/blog\/2023\/06\/15\/kosovo-je-zabranilo-ulazak-automobila-srpskih-registracija\/","title":{"rendered":"Kosovo je zabranilo ulazak automobila srpskih registracija"},"content":{"rendered":"\n\n\n<p><br>Kosovo je poo\u0161trilo kontrolu na granici sa Srbijom. Vlada u Pri\u0161tini zabranila je ulazak u zemlju svim vozilima srpskih registracija. I prije toga, carinici su po\u010deli da vra\u0107aju srpske kamione ku\u0107i. Kako pi\u0161e N1 Beograd, na Kosovu su odlu\u010dili da ova mera va\u017ei do zavr\u0161etka analize bezbjednosne situacije. Akcije kosovskog vrha su epilog incidenta u srijedu kada je srpska policija uhapsila trojicu kosovskih specijalista. U Beogradu tvrde da je re\u010d o invaziji na srpsku teritoriju, dok u Pri\u0161tini ka\u017eu da je policija samo nadgledala granicu.<\/p>\n\n\n\n<p>Kako je saop\u0161teno iz Beograda, sva trojica su bili u punoj vojnoj opremi i naoru\u017eani automatskim oru\u017ejem. U Srbiji je doga\u0111aj opisan kao upad kosovskih policajaca, za koji se navodi da slu\u017ei destabilizaciji i eskalaciji sukoba.<\/p>\n\n\n\n<p>U me\u0111uvremenu u Pri\u0161tini tvrde da su im Srbi kidnapovali policajce. Kako je saop\u0161tila kosovska policija, oni su pripadali grani\u010dnoj patroli koja je obavljala slu\u017ebene du\u017enosti na tom podru\u010dju kako bi sprije\u010dila prolazak kriminalnih grupa.<\/p>\n\n\n\n<p>Izvor: N1<\/p>\n","protected":false},"excerpt":{"rendered":"<p>Kosovo je poo\u0161trilo kontrolu na granici sa Srbijom. Vlada u Pri\u0161tini zabranila je ulazak u zemlju svim vozilima srpskih registracija. I prije toga, carinici su po\u010deli da vra\u0107aju srpske kamione ku\u0107i. Kako pi\u0161e N1 Beograd, na Kosovu su odlu\u010dili da ova mera va\u017ei do zavr\u0161etka analize bezbjednosne situacije. Akcije kosovskog vrha su epilog incidenta u&#8230;<\/p>\n","protected":false},"author":2,"featured_media":0,"comment_status":"open","ping_status":"open","sticky":false,"template":"","format":"standard","meta":{"footnotes":""},"categories":[3],"tags":[],"class_list":["post-745","post","type-post","status-publish","format-standard","hentry","category-aktuelno"],"_links":{"self":[{"href":"https:\/\/feb.si\/me\/wp-json\/wp\/v2\/posts\/745"}],"collection":[{"href":"https:\/\/feb.si\/me\/wp-json\/wp\/v2\/posts"}],"about":[{"href":"https:\/\/feb.si\/me\/wp-json\/wp\/v2\/types\/post"}],"author":[{"embeddable":true,"href":"https:\/\/feb.si\/me\/wp-json\/wp\/v2\/users\/2"}],"replies":[{"embeddable":true,"href":"https:\/\/feb.si\/me\/wp-json\/wp\/v2\/comments?post=745"}],"version-history":[{"count":4,"href":"https:\/\/feb.si\/me\/wp-json\/wp\/v2\/posts\/745\/revisions"}],"predecessor-version":[{"id":750,"href":"https:\/\/feb.si\/me\/wp-json\/wp\/v2\/posts\/745\/revisions\/750"}],"wp:attachment":[{"href":"https:\/\/feb.si\/me\/wp-json\/wp\/v2\/media?parent=745"}],"wp:term":[{"taxonomy":"category","embeddable":true,"href":"https:\/\/feb.si\/me\/wp-json\/wp\/v2\/categories?post=745"},{"taxonomy":"post_tag","embeddable":true,"href":"https:\/\/feb.si\/me\/wp-json\/wp\/v2\/tags?post=745"}],"curies":[{"name":"wp","href":"https:\/\/api.w.org\/{rel}","templated":true}]}}