{"id":808,"date":"2023-06-22T09:24:00","date_gmt":"2023-06-22T09:24:00","guid":{"rendered":"https:\/\/feb.si\/me\/?p=808"},"modified":"2023-06-22T13:29:10","modified_gmt":"2023-06-22T13:29:10","slug":"vucic-ide-u-brisel-na-razgovore-sa-borelom-ali-razgovor-sa-kurtijem-nema-smisla","status":"publish","type":"post","link":"https:\/\/feb.si\/me\/blog\/2023\/06\/22\/vucic-ide-u-brisel-na-razgovore-sa-borelom-ali-razgovor-sa-kurtijem-nema-smisla\/","title":{"rendered":"Vu\u010di\u0107 ide u Brisel na razgovore sa Borelom, ali razgovor sa Kurtijem &#8222;nema smisla&#8220;"},"content":{"rendered":"\n\n\n<p>Predsjednik Srbije Aleksandar Vu\u010di\u0107 najavio je da \u0107e danas oti\u0107i u Brisel i razgovarati sa visokim predstavnikom EU za spoljnu politiku \u017dozepom Borelom, ali ne i sa kosovskim premijerom Albinom Kurtijem, jer &#8222;<em>nema o \u010demu da razgovara sa njim<\/em>&#8222;. U me\u0111uvremenu, Borel je danas ponovo pozvao obojicu da do\u0111u u Brisel na krizni sastanak.<\/p>\n\n\n\n<p>Aleksandar Vu\u010di\u0107 je za srpsku javnu televiziju RTS rekao da razgovor sa Albinom Kurtijem nema smisla. Ne vidi ni smisao u odlasku u Brisel, ali, kako je rekao, danas ide tamo da ga ne bi pitali za\u0161to nije do\u0161ao. &#8222;<em>Nikada nisam postavljao uslove za razgovore<\/em>&#8222;, dodao je. Spreman je saslu\u0161ati visokog predstavnika EU za spoljnu politiku Josepa Borrela, jer o njemu nema ni\u0161ta lo\u0161e da ka\u017ee.<\/p>\n\n\n\n<p>O\u010dekuje se da \u0107e razgovori po\u010deti oko 14 sati, nakon \u010dega \u0107e Borel dati izjavu za javnost.<\/p>\n\n\n\n<p>Izvor: N1<\/p>\n","protected":false},"excerpt":{"rendered":"<p>Predsjednik Srbije Aleksandar Vu\u010di\u0107 najavio je da \u0107e danas oti\u0107i u Brisel i razgovarati sa visokim predstavnikom EU za spoljnu politiku \u017dozepom Borelom, ali ne i sa kosovskim premijerom Albinom Kurtijem, jer &#8222;nema o \u010demu da razgovara sa njim&#8222;. U me\u0111uvremenu, Borel je danas ponovo pozvao obojicu da do\u0111u u Brisel na krizni sastanak. Aleksandar&#8230;<\/p>\n","protected":false},"author":2,"featured_media":0,"comment_status":"open","ping_status":"open","sticky":false,"template":"","format":"standard","meta":{"footnotes":""},"categories":[3],"tags":[],"class_list":["post-808","post","type-post","status-publish","format-standard","hentry","category-aktuelno"],"_links":{"self":[{"href":"https:\/\/feb.si\/me\/wp-json\/wp\/v2\/posts\/808"}],"collection":[{"href":"https:\/\/feb.si\/me\/wp-json\/wp\/v2\/posts"}],"about":[{"href":"https:\/\/feb.si\/me\/wp-json\/wp\/v2\/types\/post"}],"author":[{"embeddable":true,"href":"https:\/\/feb.si\/me\/wp-json\/wp\/v2\/users\/2"}],"replies":[{"embeddable":true,"href":"https:\/\/feb.si\/me\/wp-json\/wp\/v2\/comments?post=808"}],"version-history":[{"count":5,"href":"https:\/\/feb.si\/me\/wp-json\/wp\/v2\/posts\/808\/revisions"}],"predecessor-version":[{"id":814,"href":"https:\/\/feb.si\/me\/wp-json\/wp\/v2\/posts\/808\/revisions\/814"}],"wp:attachment":[{"href":"https:\/\/feb.si\/me\/wp-json\/wp\/v2\/media?parent=808"}],"wp:term":[{"taxonomy":"category","embeddable":true,"href":"https:\/\/feb.si\/me\/wp-json\/wp\/v2\/categories?post=808"},{"taxonomy":"post_tag","embeddable":true,"href":"https:\/\/feb.si\/me\/wp-json\/wp\/v2\/tags?post=808"}],"curies":[{"name":"wp","href":"https:\/\/api.w.org\/{rel}","templated":true}]}}