{"id":827,"date":"2023-07-03T09:14:38","date_gmt":"2023-07-03T09:14:38","guid":{"rendered":"https:\/\/feb.si\/me\/?p=827"},"modified":"2023-07-03T09:14:38","modified_gmt":"2023-07-03T09:14:38","slug":"predstavnici-feb-a-pri-zoranu-dordevicu","status":"publish","type":"post","link":"https:\/\/feb.si\/me\/blog\/2023\/07\/03\/predstavnici-feb-a-pri-zoranu-dordevicu\/","title":{"rendered":"Predstavnici Feb-a pri Zoranu \u0110or\u0111evi\u0107u"},"content":{"rendered":"\n\n\n<p>Zoran \u0110or\u0111evi\u0107, prvi \u010dovek Po\u0161te Srbije i \u010dlan upravnog odbora vladaju\u0107e Srpske napredne stranke (SNS) u Srbiji, primio je u utorak, 27. juna 2023. godine delegaciju Foruma za evropski Balkan, na \u010delu sa sekretarom FEB-a Petrom Antuni\u010devi\u0107em. Pitanja kojima se bavi FEB relevantna su kako za Srbiju, tako i za cijeli region Zapadnog Balkana, a \u0110or\u0111evi\u0107 je uvjeren i da bi bilo va\u017eno da Evropska unija \u010duje pitanja koja se postavljaju u Srbiji u kontekstu evropskog integracija. Ko su ti koji postavljaju standarde i zahtjeve budu\u0107im \u010dlanovima? Na koji na\u010din se mijenja Evropska unija? Da li su kreatori evropske politike pro\u0161irenja uvjereni da \u0107e Srbi biti spremni da &#8222;progutaju \u017eabu&#8220; da bi u\u0161li u EU? Kako ubijediti gra\u0111ane Srbije da &#8222;progutaju \u017eabu&#8220; nakon \u0161to su ve\u0107 vidjeli lo\u0161a iskustva drugih zemalja u regionu, koje su dosljedno ispunjavale sve evropske zahteve, a ipak im nisu ispunjena data obe\u0107anja? Navedena su samo neka od pitanja koja su na sastanku sa sagovornikom Feb-a u Beogradu bila komentarisana. Kako je naglasio \u0110or\u0111evi\u0107, \u017eeli da bude u toku sa radom FEB-a i spreman je da da svoj stav o pitanjima kojima se Zavod bavi, u okviru koji mu trenutna funkcija dozvoljava.<\/p>\n","protected":false},"excerpt":{"rendered":"<p>Zoran \u0110or\u0111evi\u0107, prvi \u010dovek Po\u0161te Srbije i \u010dlan upravnog odbora vladaju\u0107e Srpske napredne stranke (SNS) u Srbiji, primio je u utorak, 27. juna 2023. godine delegaciju Foruma za evropski Balkan, na \u010delu sa sekretarom FEB-a Petrom Antuni\u010devi\u0107em. Pitanja kojima se bavi FEB relevantna su kako za Srbiju, tako i za cijeli region Zapadnog Balkana, a&#8230;<\/p>\n","protected":false},"author":2,"featured_media":828,"comment_status":"open","ping_status":"open","sticky":false,"template":"","format":"standard","meta":{"footnotes":""},"categories":[3],"tags":[],"class_list":["post-827","post","type-post","status-publish","format-standard","has-post-thumbnail","hentry","category-aktuelno"],"_links":{"self":[{"href":"https:\/\/feb.si\/me\/wp-json\/wp\/v2\/posts\/827"}],"collection":[{"href":"https:\/\/feb.si\/me\/wp-json\/wp\/v2\/posts"}],"about":[{"href":"https:\/\/feb.si\/me\/wp-json\/wp\/v2\/types\/post"}],"author":[{"embeddable":true,"href":"https:\/\/feb.si\/me\/wp-json\/wp\/v2\/users\/2"}],"replies":[{"embeddable":true,"href":"https:\/\/feb.si\/me\/wp-json\/wp\/v2\/comments?post=827"}],"version-history":[{"count":1,"href":"https:\/\/feb.si\/me\/wp-json\/wp\/v2\/posts\/827\/revisions"}],"predecessor-version":[{"id":829,"href":"https:\/\/feb.si\/me\/wp-json\/wp\/v2\/posts\/827\/revisions\/829"}],"wp:featuredmedia":[{"embeddable":true,"href":"https:\/\/feb.si\/me\/wp-json\/wp\/v2\/media\/828"}],"wp:attachment":[{"href":"https:\/\/feb.si\/me\/wp-json\/wp\/v2\/media?parent=827"}],"wp:term":[{"taxonomy":"category","embeddable":true,"href":"https:\/\/feb.si\/me\/wp-json\/wp\/v2\/categories?post=827"},{"taxonomy":"post_tag","embeddable":true,"href":"https:\/\/feb.si\/me\/wp-json\/wp\/v2\/tags?post=827"}],"curies":[{"name":"wp","href":"https:\/\/api.w.org\/{rel}","templated":true}]}}