{"id":847,"date":"2023-07-05T11:09:54","date_gmt":"2023-07-05T11:09:54","guid":{"rendered":"https:\/\/feb.si\/me\/?p=847"},"modified":"2023-07-05T13:53:02","modified_gmt":"2023-07-05T13:53:02","slug":"slovenija-trazi-se-kadar-sa-balkana","status":"publish","type":"post","link":"https:\/\/feb.si\/me\/blog\/2023\/07\/05\/slovenija-trazi-se-kadar-sa-balkana\/","title":{"rendered":"Slovenija: tra\u017ei se kadar sa Balkana"},"content":{"rendered":"\n\n\n<p>U Zavodu za zapo\u0161ljavanje Slovenije,  poku\u0161avaju da dodju do stranih radnika i to sa Balkana. Napominju da se stranim radnicima uglavnom nudi minimalna plata, pa je ve\u0107a plata jedna od mogu\u0107nosti da poslodavci steknu novu radnu snagu. I radnici sa Balkana imaju svoja o\u010dekivanja, ali to ne zna\u010di da nisu zainteresovani za rad u Sloveniji.<\/p>\n\n\n\n<p>&#8222;Da je Balkan prazan je mit\u201c, ka\u017ee Greta Metka Barbo \u0160kerbinc iz Zavoda za zapo\u0161ljavanje Slovenije: &#8222;Sjeverna Makedonija ima 140.000 nezaposlenih, potencijal postoji. Bosna i Hercegovina ima vi\u0161e od 350.000 nezaposlenih, a u Srbiji ih ima i oko 400.000. Ta\u010dno je da tu ima i privrednog rasta, da su i ove zemlje korigovale plate radnika\u201c. Istina je, me\u0111utim, da se svugdje tra\u017ei isti kadar i da ove zemlje nisu entuzijasti\u010dne za izvoz radnika, pa treba biti oprezan, nagla\u0161ava ona. Ali, kako ka\u017ee, tu jo\u0161 ima potencijala. Kako dodaje, Zavod za zapo\u0161ljavanje Slovenije muku mu\u010di da zaposli upravo te radnike zbog manjih jezi\u010dkih i kulturnih barijera.<\/p>\n\n\n\n<p>\u201cBarem za Sjevernu Makedoniju mo\u017eemo tvrditi da kadrovski fond nije prazan. Na posljednjem doga\u0111aju koji smo organizirali velika ve\u0107ina zainteresiranih za rad je tako\u0111e visokoobrazovana, najmanje 30 ljekara je pokazalo interesovanje za rad u Sloveniji\u201c, rekla je Anika Rode iz Zavoda za zapo\u0161ljavanje Slovenije.<\/p>\n\n\n\n<p>Izvor:  24 ur<\/p>\n","protected":false},"excerpt":{"rendered":"<p>U Zavodu za zapo\u0161ljavanje Slovenije, poku\u0161avaju da dodju do stranih radnika i to sa Balkana. Napominju da se stranim radnicima uglavnom nudi minimalna plata, pa je ve\u0107a plata jedna od mogu\u0107nosti da poslodavci steknu novu radnu snagu. I radnici sa Balkana imaju svoja o\u010dekivanja, ali to ne zna\u010di da nisu zainteresovani za rad u Sloveniji&#8230;.<\/p>\n","protected":false},"author":2,"featured_media":0,"comment_status":"open","ping_status":"open","sticky":false,"template":"","format":"standard","meta":{"footnotes":""},"categories":[3],"tags":[],"class_list":["post-847","post","type-post","status-publish","format-standard","hentry","category-aktuelno"],"_links":{"self":[{"href":"https:\/\/feb.si\/me\/wp-json\/wp\/v2\/posts\/847"}],"collection":[{"href":"https:\/\/feb.si\/me\/wp-json\/wp\/v2\/posts"}],"about":[{"href":"https:\/\/feb.si\/me\/wp-json\/wp\/v2\/types\/post"}],"author":[{"embeddable":true,"href":"https:\/\/feb.si\/me\/wp-json\/wp\/v2\/users\/2"}],"replies":[{"embeddable":true,"href":"https:\/\/feb.si\/me\/wp-json\/wp\/v2\/comments?post=847"}],"version-history":[{"count":4,"href":"https:\/\/feb.si\/me\/wp-json\/wp\/v2\/posts\/847\/revisions"}],"predecessor-version":[{"id":850,"href":"https:\/\/feb.si\/me\/wp-json\/wp\/v2\/posts\/847\/revisions\/850"}],"wp:attachment":[{"href":"https:\/\/feb.si\/me\/wp-json\/wp\/v2\/media?parent=847"}],"wp:term":[{"taxonomy":"category","embeddable":true,"href":"https:\/\/feb.si\/me\/wp-json\/wp\/v2\/categories?post=847"},{"taxonomy":"post_tag","embeddable":true,"href":"https:\/\/feb.si\/me\/wp-json\/wp\/v2\/tags?post=847"}],"curies":[{"name":"wp","href":"https:\/\/api.w.org\/{rel}","templated":true}]}}