{"id":856,"date":"2023-07-10T09:12:42","date_gmt":"2023-07-10T09:12:42","guid":{"rendered":"https:\/\/feb.si\/me\/?p=856"},"modified":"2023-07-10T09:13:03","modified_gmt":"2023-07-10T09:13:03","slug":"republika-srpska-dodikovi-sporni-zakoni-stupili-na-snagu","status":"publish","type":"post","link":"https:\/\/feb.si\/me\/blog\/2023\/07\/10\/republika-srpska-dodikovi-sporni-zakoni-stupili-na-snagu\/","title":{"rendered":"Republika Srpska: Dodikovi sporni zakoni stupili na snagu"},"content":{"rendered":"\n\n\n<p>U Slu\u017ebenom glasniku Republike Srpske ju\u010de &#8211; 9. jula su objavljena dva sporna zakona koja je u petak potpisao predsjednik Republike Srpske Milorad Dodik. Dva zakona, koja je visoki predstavnik me\u0111unarodne zajednice u Bosni i Hercegovini Christian Schmidt ranije poni\u0161tio, stupila su na snagu. Va\u0161ington je tako\u0111e kriti\u010dki reagovao na usvajanje zakona. \u201cDodik je potpisivanjem zakona prekr\u0161io ustav Bosne i Hercegovine i potkopao Dejtonski sporazum\u201d, napisao je ameri\u010dki dr\u017eavni sekretar Antony Blinken na Twitteru.<\/p>\n\n\n\n<p>Kontroverzni zakoni dozvoljavaju Banjaluci da zaobi\u0111e ili ignori\u0161e odluke najvi\u0161eg me\u0111unarodnog izaslanika zemlje, trenutno njema\u010dkog diplomate Christiana Schmidta.<\/p>\n\n\n\n<p>Izvor: Delo<\/p>\n","protected":false},"excerpt":{"rendered":"<p>U Slu\u017ebenom glasniku Republike Srpske ju\u010de &#8211; 9. jula su objavljena dva sporna zakona koja je u petak potpisao predsjednik Republike Srpske Milorad Dodik. Dva zakona, koja je visoki predstavnik me\u0111unarodne zajednice u Bosni i Hercegovini Christian Schmidt ranije poni\u0161tio, stupila su na snagu. Va\u0161ington je tako\u0111e kriti\u010dki reagovao na usvajanje zakona. \u201cDodik je potpisivanjem&#8230;<\/p>\n","protected":false},"author":2,"featured_media":0,"comment_status":"open","ping_status":"open","sticky":false,"template":"","format":"standard","meta":{"footnotes":""},"categories":[3],"tags":[],"class_list":["post-856","post","type-post","status-publish","format-standard","hentry","category-aktuelno"],"_links":{"self":[{"href":"https:\/\/feb.si\/me\/wp-json\/wp\/v2\/posts\/856"}],"collection":[{"href":"https:\/\/feb.si\/me\/wp-json\/wp\/v2\/posts"}],"about":[{"href":"https:\/\/feb.si\/me\/wp-json\/wp\/v2\/types\/post"}],"author":[{"embeddable":true,"href":"https:\/\/feb.si\/me\/wp-json\/wp\/v2\/users\/2"}],"replies":[{"embeddable":true,"href":"https:\/\/feb.si\/me\/wp-json\/wp\/v2\/comments?post=856"}],"version-history":[{"count":2,"href":"https:\/\/feb.si\/me\/wp-json\/wp\/v2\/posts\/856\/revisions"}],"predecessor-version":[{"id":858,"href":"https:\/\/feb.si\/me\/wp-json\/wp\/v2\/posts\/856\/revisions\/858"}],"wp:attachment":[{"href":"https:\/\/feb.si\/me\/wp-json\/wp\/v2\/media?parent=856"}],"wp:term":[{"taxonomy":"category","embeddable":true,"href":"https:\/\/feb.si\/me\/wp-json\/wp\/v2\/categories?post=856"},{"taxonomy":"post_tag","embeddable":true,"href":"https:\/\/feb.si\/me\/wp-json\/wp\/v2\/tags?post=856"}],"curies":[{"name":"wp","href":"https:\/\/api.w.org\/{rel}","templated":true}]}}