{"id":870,"date":"2023-07-11T08:55:04","date_gmt":"2023-07-11T08:55:04","guid":{"rendered":"https:\/\/feb.si\/me\/?p=870"},"modified":"2023-07-11T12:26:22","modified_gmt":"2023-07-11T12:26:22","slug":"vucic-i-milatovic-sa-dogovorom-o-imenovanju-ambasadora","status":"publish","type":"post","link":"https:\/\/feb.si\/me\/blog\/2023\/07\/11\/vucic-i-milatovic-sa-dogovorom-o-imenovanju-ambasadora\/","title":{"rendered":"Vu\u010di\u0107 i Milatovi\u0107 sa dogovorom o imenovanju ambasadora"},"content":{"rendered":"\n\n\n<p>Srbija i Crna Gora \u0107e uskoro imenovati svoje ambasadore u Podgorici i u Beogradu, saglasili su se predsjednici Srbije i Crne Gore Aleksandar Vu\u010di\u0107 i Jakov Milatovi\u0107. U svojoj prvoj zvani\u010dnoj bilateralnoj poseti glavnom gradu Srbije nakon svog izbora za predsjednika Crne Gore, Mulatovi\u0107 obnavlja uspostavljene veze izme\u0111u dva balkanska susjeda, prenose strane novinske agencije.<\/p>\n\n\n\n<p>Kako su istakla dvojica predsjednika, dvije zemlje dosta trguju, ali istovremeno u Srbiji \u017eivi mnogo gra\u0111ana Crne Gore i obrnuto. Uprkos istorijskim i ekonomskim vezama, politi\u010dki odnosi su zategnuti dugi niz godina, a dana\u0161njom posjetom &#8222;okre\u0107u novi list&#8220;, rekao je Milatovi\u0107 na zajedni\u010dkoj konferenciji za novinare, prenosi podgori\u010dki list Vijesti.<\/p>\n\n\n\n<p><\/p>\n","protected":false},"excerpt":{"rendered":"<p>Srbija i Crna Gora \u0107e uskoro imenovati svoje ambasadore u Podgorici i u Beogradu, saglasili su se predsjednici Srbije i Crne Gore Aleksandar Vu\u010di\u0107 i Jakov Milatovi\u0107. U svojoj prvoj zvani\u010dnoj bilateralnoj poseti glavnom gradu Srbije nakon svog izbora za predsjednika Crne Gore, Mulatovi\u0107 obnavlja uspostavljene veze izme\u0111u dva balkanska susjeda, prenose strane novinske agencije&#8230;.<\/p>\n","protected":false},"author":2,"featured_media":0,"comment_status":"open","ping_status":"open","sticky":false,"template":"","format":"standard","meta":{"footnotes":""},"categories":[3],"tags":[],"class_list":["post-870","post","type-post","status-publish","format-standard","hentry","category-aktuelno"],"_links":{"self":[{"href":"https:\/\/feb.si\/me\/wp-json\/wp\/v2\/posts\/870"}],"collection":[{"href":"https:\/\/feb.si\/me\/wp-json\/wp\/v2\/posts"}],"about":[{"href":"https:\/\/feb.si\/me\/wp-json\/wp\/v2\/types\/post"}],"author":[{"embeddable":true,"href":"https:\/\/feb.si\/me\/wp-json\/wp\/v2\/users\/2"}],"replies":[{"embeddable":true,"href":"https:\/\/feb.si\/me\/wp-json\/wp\/v2\/comments?post=870"}],"version-history":[{"count":5,"href":"https:\/\/feb.si\/me\/wp-json\/wp\/v2\/posts\/870\/revisions"}],"predecessor-version":[{"id":875,"href":"https:\/\/feb.si\/me\/wp-json\/wp\/v2\/posts\/870\/revisions\/875"}],"wp:attachment":[{"href":"https:\/\/feb.si\/me\/wp-json\/wp\/v2\/media?parent=870"}],"wp:term":[{"taxonomy":"category","embeddable":true,"href":"https:\/\/feb.si\/me\/wp-json\/wp\/v2\/categories?post=870"},{"taxonomy":"post_tag","embeddable":true,"href":"https:\/\/feb.si\/me\/wp-json\/wp\/v2\/tags?post=870"}],"curies":[{"name":"wp","href":"https:\/\/api.w.org\/{rel}","templated":true}]}}