{"id":889,"date":"2023-07-19T07:54:21","date_gmt":"2023-07-19T07:54:21","guid":{"rendered":"https:\/\/feb.si\/me\/?p=889"},"modified":"2023-07-19T07:54:21","modified_gmt":"2023-07-19T07:54:21","slug":"neka-udu-u-istoriju-kao-neprijatelji-srpskog-naroda","status":"publish","type":"post","link":"https:\/\/feb.si\/me\/blog\/2023\/07\/19\/neka-udu-u-istoriju-kao-neprijatelji-srpskog-naroda\/","title":{"rendered":"&#8216;Neka u\u0111u u istoriju kao neprijatelji srpskog naroda&#8217;"},"content":{"rendered":"\n\n\n<p>Lider bosanskih Srba Milorad Dodik najavio je da \u0107e inicirati dono\u0161enje zakona kojim bi se uvela oznaka &#8222;neprijatelji Republike Srpske&#8220;. Saop\u0161tenje dolazi u trenutku kada se u parlamentu raspravlja o izmjenama krivi\u010dnog zakona koje bi kriminalizirale klevetu, \u0161to je izazvalo o\u0161tre kritike opozicije, novinara i nevladinog sektora, kao i EU, SAD i OSCE-a.<\/p>\n\n\n\n<p>&#8222;<em>Neka u\u0111u u istoriju kao neprijatelji srpskog naroda i Republike Srpske<\/em>&#8222;, rekao je Dodik lokalnim medijima i iznenadio novom inicijativom. Istovremeno je sudije Ustavnog suda BiH odmah opisao kao neprijatelje RS-a i dodao da ne\u0107e dozvoliti da bilo ko kr\u0161i prava ovog entiteta, prenosi Index.hr.<\/p>\n\n\n\n<p>Nije objasnio kakve kazne namjerava uvesti za one koji bi po novom zakonu bili progla\u0161eni neprijateljima Republike Slovenije.<\/p>\n\n\n\n<p>&#8222;To se nije desilo ni u najmra\u010dnijim vremenima&#8220;<\/p>\n\n\n\n<p>Dok se u DZ raspravljalo o kontroverznom zakonu o kriminalizaciji klevete, koji je predlo\u017eio i Dodik, opozicioni poslanik Neboj\u0161a Vukanovi\u0107 je u prilog Dodikovoj ideji rekao da to treba da bude upozorenje svima da vlast u RS ide ka diktaturi.<\/p>\n\n\n\n<p>&#8222;To nije bilo ni u najcrnjim vremenima jednoumlja&#8220;, rekao je Vukanovi\u0107.<\/p>\n\n\n\n<p>Skup\u0161tinska ve\u0107ina, koju kontroli\u0161e Dodik, odbila je da prihvati primjedbe na sadr\u017eaj zakonskih izmjena koje predvi\u0111aju inkriminalizaciju klevete. Predlo\u017eenim izmjenama kleveta bi postala krivi\u010dno djelo za koje je propisana nov\u010dana kazna do tri hiljade eura.<\/p>\n\n\n\n<p>Predsjednik Kluba poslanika Partije demokratskog progresa (PDP) Igor Crnadak rekao je da se time RS pretvara u &#8222;crnu rupu u koju niko ne\u0107e smjeti da pi\u0161ki&#8220;, a prva meta bi\u0107e mediji i novinari koji pi\u0161u kriti\u010dki o vladi.<\/p>\n","protected":false},"excerpt":{"rendered":"<p>Lider bosanskih Srba Milorad Dodik najavio je da \u0107e inicirati dono\u0161enje zakona kojim bi se uvela oznaka &#8222;neprijatelji Republike Srpske&#8220;. Saop\u0161tenje dolazi u trenutku kada se u parlamentu raspravlja o izmjenama krivi\u010dnog zakona koje bi kriminalizirale klevetu, \u0161to je izazvalo o\u0161tre kritike opozicije, novinara i nevladinog sektora, kao i EU, SAD i OSCE-a. &#8222;Neka u\u0111u&#8230;<\/p>\n","protected":false},"author":2,"featured_media":0,"comment_status":"open","ping_status":"open","sticky":false,"template":"","format":"standard","meta":{"footnotes":""},"categories":[3],"tags":[],"class_list":["post-889","post","type-post","status-publish","format-standard","hentry","category-aktuelno"],"_links":{"self":[{"href":"https:\/\/feb.si\/me\/wp-json\/wp\/v2\/posts\/889"}],"collection":[{"href":"https:\/\/feb.si\/me\/wp-json\/wp\/v2\/posts"}],"about":[{"href":"https:\/\/feb.si\/me\/wp-json\/wp\/v2\/types\/post"}],"author":[{"embeddable":true,"href":"https:\/\/feb.si\/me\/wp-json\/wp\/v2\/users\/2"}],"replies":[{"embeddable":true,"href":"https:\/\/feb.si\/me\/wp-json\/wp\/v2\/comments?post=889"}],"version-history":[{"count":1,"href":"https:\/\/feb.si\/me\/wp-json\/wp\/v2\/posts\/889\/revisions"}],"predecessor-version":[{"id":890,"href":"https:\/\/feb.si\/me\/wp-json\/wp\/v2\/posts\/889\/revisions\/890"}],"wp:attachment":[{"href":"https:\/\/feb.si\/me\/wp-json\/wp\/v2\/media?parent=889"}],"wp:term":[{"taxonomy":"category","embeddable":true,"href":"https:\/\/feb.si\/me\/wp-json\/wp\/v2\/categories?post=889"},{"taxonomy":"post_tag","embeddable":true,"href":"https:\/\/feb.si\/me\/wp-json\/wp\/v2\/tags?post=889"}],"curies":[{"name":"wp","href":"https:\/\/api.w.org\/{rel}","templated":true}]}}